{"id":567,"date":"2011-11-17T12:24:58","date_gmt":"2011-11-17T17:24:58","guid":{"rendered":"http:\/\/www.nationalcomponent.com\/press\/?p=567"},"modified":"2014-02-25T19:44:11","modified_gmt":"2014-02-25T19:44:11","slug":"jour-du-souvenir-trans","status":"publish","type":"post","link":"https:\/\/www.unesen.ca\/press\/?p=567&amp;lang=fr","title":{"rendered":"Jour du Souvenir Trans"},"content":{"rendered":"<p><img loading=\"lazy\" class=\"alignnone size-full wp-image-569\" alt=\"Jour du Souvenir Trans\" src=\"http:\/\/www.une-sen.org\/press\/wp-content\/uploads\/2012\/03\/TDOR_fr.jpg\" width=\"541\" height=\"360\" srcset=\"https:\/\/www.unesen.ca\/press\/wp-content\/uploads\/2012\/03\/TDOR_fr.jpg 541w, https:\/\/www.unesen.ca\/press\/wp-content\/uploads\/2012\/03\/TDOR_fr-300x199.jpg 300w\" sizes=\"(max-width: 541px) 100vw, 541px\" \/><\/p>\n<p>\u00c0 l\u2019approche du 20\u00a0novembre, la Journ\u00e9e du Souvenir Trans, j\u2019aimerais lancer un d\u00e9fi \u00e0 mes confr\u00e8res et cons\u0153urs du syndicat.<\/p>\n<p>Si vous d\u00e9sirez r\u00e9ellement vous souvenir de nos confr\u00e8res et cons\u0153urs d\u00e9c\u00e9d\u00e9s et leur rendre hommage, soutenez notre combat pour atteindre l\u2019\u00e9quit\u00e9 des droits de la personne dans notre pays. Ils et elles ont perdu la vie en raison de la violence, de l\u2019\u00e9troitesse d\u2019esprit, de la haine et de la n\u00e9gligence de la soci\u00e9t\u00e9.<\/p>\n<p>La plupart d\u2019entre vous comprennent ce que sont la violence, l\u2019\u00e9troitesse d\u2019esprit et la haine. Mais comprenez-vous ce qu\u2019est la n\u00e9gligence de la soci\u00e9t\u00e9? C\u2019est une forme d\u2019indiff\u00e9rence qui nous fait dire \u00ab\u00a0mes droits sont respect\u00e9s, alors c\u2019est quoi le probl\u00e8me?\u00a0\u00bb Vous a-t-on d\u00e9j\u00e0 dit que vous ne pouviez utiliser les m\u00eames toilettes que les gens de votre sexe ou vous a-t-on d\u00e9j\u00e0 demand\u00e9 d\u2019en sortir parce que vous n\u2019aviez rien \u00e0 faire l\u00e0? A-t-on d\u00e9j\u00e0 refus\u00e9 de vous louer un logement ou avez-vous d\u00e9j\u00e0 \u00e9t\u00e9 renvoy\u00e9 parce que vous \u00e9tiez vous-m\u00eame?<\/p>\n<p>C\u2019est la r\u00e9alit\u00e9 quotidienne d\u2019un grand nombre de personnes autour de moi. Une partie de la soci\u00e9t\u00e9 souhaiterait m\u2019interdire d\u2019utiliser les\u00a0toilettes publiques appropri\u00e9es \u00e0 mon sexe. Certaines personnes diraient que c\u2019est normal que je me voie refuser un logement ou du travail en raison de ma fa\u00e7on d\u2019\u00eatre d\u00e8s ma naissance.<\/p>\n<p>Il y a aussi ceux qui prennent des mesures plus directes parce que, d\u2019une fa\u00e7on ou d\u2019une autre, je porte pr\u00e9judice \u00e0 ce qu\u2019ils jugent \u00ab\u00a0juste\u00a0\u00bb ou \u00ab\u00a0normal\u00a0\u00bb ou m\u00eame \u00ab\u00a0acceptable\u00a0\u00bb. Ce sont les gens qui battent, mutilent ou tuent mes fr\u00e8res et mes s\u0153urs \u2014 et qui pourraient me faire la m\u00eame chose.<\/p>\n<p>Je n\u2019aime pas avoir \u00e0 vivre ma vie dans un \u00e9tat d\u2019alerte constant, et de toujours devoir \u00e9valuer la menace que pr\u00e9sentent les autres pour moi. Je n\u2019aime pas avoir toujours besoin de noter mentalement l\u2019endroit o\u00f9 sont situ\u00e9es les issues de secours et les voies d\u2019\u00e9vacuation. Or, pour moi et les personnes comme moi, c\u2019est la r\u00e9alit\u00e9 quotidienne.<\/p>\n<p>C\u2019est notre r\u00e9alit\u00e9 parce que nous nous voyons refuser des droits accord\u00e9s \u00e0 d\u2019autres \u2014 des droits fondamentaux auxquels vous ne pensez m\u00eame pas. Pour bien des gens, nous ne sommes pas vraiment humains et nous ne m\u00e9ritons pas de jouir des m\u00eames droits que les autres.<\/p>\n<p>Je suis ici pour vous dire que nous sommes aussi humains que vous. Je suis ici pour vous dire que j\u2019ai autant de valeur que tous ceux qui m\u2019entourent. Si je ne cadre pas avec les notions pr\u00e9con\u00e7ues de certaines personnes sur la nature binaire des sexes, cela ne signifie pas que je m\u00e9rite de mourir, d\u2019\u00eatre battu ou mutil\u00e9e. Je ne m\u00e9rite pas qu\u2019on me crache dessus ou qu\u2019on me maltraite.<\/p>\n<p>Le mouvement ouvrier s\u2019est toujours battu pour l\u2019\u00e9quit\u00e9 et l\u2019\u00e9galit\u00e9 de tous ses membres. C\u2019\u00e9tait au centre de presque tous les grands combats pour faire progresser les droits des travailleurs. Dans de nombreux cas, ces avanc\u00e9es se sont refl\u00e9t\u00e9es dans la loi peu de temps apr\u00e8s. De plus, ces progr\u00e8s ont aid\u00e9 \u00e0 modeler les lois relatives aux droits de la personne dans de nombreuses administrations.<\/p>\n<p>Selon moi, il s\u2019agit d\u2019un principe essentiel du syndicalisme. Il n\u2019est pas diff\u00e9rent de la lutte visant \u00e0 permettre aux femmes de travailler ou celles portant sur l\u2019\u00e9quit\u00e9 salariale.<\/p>\n<p>Il faut rechercher l\u2019\u00e9quit\u00e9 et l\u2019\u00e9galit\u00e9 pour tous. C\u2019est la bonne chose \u00e0 faire.<\/p>\n<p>Voici le d\u00e9fi que je vous lance\u00a0:<\/p>\n<ol>\n<li>Faites-en une revendication centrale de la prochaine ronde de n\u00e9gociations avec l\u2019employeur et ne laissez pas ce point \u00eatre mis de c\u00f4t\u00e9.<\/li>\n<li>Parlez \u00e0 vos cons\u0153urs et confr\u00e8res du syndicat, aux niveaux local et national, et dites-leur de se tenir debout et de faire ce qui est juste.<\/li>\n<li>T\u00e9l\u00e9phonez ou \u00e9crivez \u00e0 votre d\u00e9put\u00e9e ou d\u00e9put\u00e9 et dites-lui qu\u2019il s\u2019agit d\u2019un enjeu important. Demandez-lui d\u2019appuyer la r\u00e9introduction du projet de loi qui prot\u00e8ge clairement ces droits dans la\u00a0<em>Loi canadienne sur les droits de la personne<\/em>.<\/li>\n<\/ol>\n<p>Il ne faut pas se demander\u00a0: \u00ab\u00a0Pourquoi devrions-nous le faire?\u00a0\u00bb, mais plut\u00f4t\u00a0: \u00ab\u00a0Pourquoi ne le ferions-nous pas?\u00a0\u00bb<\/p>\n<p>Nous savons tous que c\u2019est ce qu\u2019il faut faire. Maintenant, agissons.<\/p>\n<p>Kate Hart<br \/>\nRepr\u00e9santante aux droits de la personne<br \/>\nSection locale 30095<br \/>\nSyndicat des employ\u00e9es et employ\u00e9s nationaux<\/p>\n","protected":false},"excerpt":{"rendered":"<p>\u00c0 l\u2019approche du 20\u00a0novembre, la Journ\u00e9e du Souvenir Trans, j\u2019aimerais lancer un d\u00e9fi \u00e0 mes confr\u00e8res et cons\u0153urs du syndicat. Si vous d\u00e9sirez r\u00e9ellement vous souvenir de nos confr\u00e8res et cons\u0153urs d\u00e9c\u00e9d\u00e9s et leur rendre hommage, soutenez notre combat pour atteindre l\u2019\u00e9quit\u00e9 des droits de la personne dans notre pays. Ils et elles ont perdu &hellip; <\/p>\n<p class=\"link-more\"><a href=\"https:\/\/www.unesen.ca\/press\/?p=567&#038;lang=fr\" class=\"more-link\">>><span class=\"screen-reader-text\"> &#8220;Jour du Souvenir Trans&#8221;<\/span><\/a><\/p>\n","protected":false},"author":3,"featured_media":0,"comment_status":"open","ping_status":"open","sticky":false,"template":"","format":"standard","meta":{"_links_to":"","_links_to_target":""},"categories":[],"tags":[],"_links":{"self":[{"href":"https:\/\/www.unesen.ca\/press\/index.php?rest_route=\/wp\/v2\/posts\/567"}],"collection":[{"href":"https:\/\/www.unesen.ca\/press\/index.php?rest_route=\/wp\/v2\/posts"}],"about":[{"href":"https:\/\/www.unesen.ca\/press\/index.php?rest_route=\/wp\/v2\/types\/post"}],"author":[{"embeddable":true,"href":"https:\/\/www.unesen.ca\/press\/index.php?rest_route=\/wp\/v2\/users\/3"}],"replies":[{"embeddable":true,"href":"https:\/\/www.unesen.ca\/press\/index.php?rest_route=%2Fwp%2Fv2%2Fcomments&post=567"}],"version-history":[{"count":1,"href":"https:\/\/www.unesen.ca\/press\/index.php?rest_route=\/wp\/v2\/posts\/567\/revisions"}],"predecessor-version":[{"id":3569,"href":"https:\/\/www.unesen.ca\/press\/index.php?rest_route=\/wp\/v2\/posts\/567\/revisions\/3569"}],"wp:attachment":[{"href":"https:\/\/www.unesen.ca\/press\/index.php?rest_route=%2Fwp%2Fv2%2Fmedia&parent=567"}],"wp:term":[{"taxonomy":"category","embeddable":true,"href":"https:\/\/www.unesen.ca\/press\/index.php?rest_route=%2Fwp%2Fv2%2Fcategories&post=567"},{"taxonomy":"post_tag","embeddable":true,"href":"https:\/\/www.unesen.ca\/press\/index.php?rest_route=%2Fwp%2Fv2%2Ftags&post=567"}],"curies":[{"name":"wp","href":"https:\/\/api.w.org\/{rel}","templated":true}]}}