{"id":564,"date":"2011-11-09T12:22:42","date_gmt":"2011-11-09T17:22:42","guid":{"rendered":"http:\/\/www.nationalcomponent.com\/press\/?p=564"},"modified":"2014-02-25T19:44:35","modified_gmt":"2014-02-25T19:44:35","slug":"faites-vous-entendre","status":"publish","type":"post","link":"https:\/\/www.unesen.ca\/press\/?p=564&amp;lang=fr","title":{"rendered":"Faites-vous entendre!"},"content":{"rendered":"<p><img loading=\"lazy\" class=\"alignnone size-full wp-image-565\" alt=\"Faites-vous entendre!\" src=\"http:\/\/www.une-sen.org\/press\/wp-content\/uploads\/2012\/03\/psac2012_f.jpg\" width=\"541\" height=\"360\" srcset=\"https:\/\/www.unesen.ca\/press\/wp-content\/uploads\/2012\/03\/psac2012_f.jpg 541w, https:\/\/www.unesen.ca\/press\/wp-content\/uploads\/2012\/03\/psac2012_f-300x199.jpg 300w\" sizes=\"(max-width: 541px) 100vw, 541px\" \/><\/p>\n<p>Le Congr\u00e8s triennal de l\u2019AFPC approche \u00e0 grands pas! Lors du Congr\u00e8s, les d\u00e9l\u00e9gu\u00e9es et d\u00e9l\u00e9gu\u00e9s d\u00e9battront et adopteront un \u00ab plan des membres \u00bb. Ce plan sera bas\u00e9 sur la r\u00e9troaction et la direction de tous les membres de l\u2019AFPC.<\/p>\n<p>Le temps pour vous faire entendre, c\u2019est maintenant! Vous pouvez contribuer au plan des membres en r\u00e9pondant au sondage \u00ab\u00a0<a href=\"http:\/\/app.fluidsurveys.com\/s\/ourunionourpower\/langfra\/\">Notre syndicat, notre pouvoir<\/a> \u00bb.<br \/>\n<a href=\"http:\/\/app.fluidsurveys.com\/s\/ourunionourpower\/langfra\/\"><br \/>\nCliquez ici<\/a> pour participer au sondage. D\u00e9p\u00eachez-vous! Vous avez jusqu\u2019au 2 d\u00e9cembre 2011 pour partager vos id\u00e9es.<\/p>\n","protected":false},"excerpt":{"rendered":"<p>Le Congr\u00e8s triennal de l\u2019AFPC approche \u00e0 grands pas! Lors du Congr\u00e8s, les d\u00e9l\u00e9gu\u00e9es et d\u00e9l\u00e9gu\u00e9s d\u00e9battront et adopteront un \u00ab plan des membres \u00bb. Ce plan sera bas\u00e9 sur la r\u00e9troaction et la direction de tous les membres de l\u2019AFPC. Le temps pour vous faire entendre, c\u2019est maintenant! Vous pouvez contribuer au plan des &hellip; <\/p>\n<p class=\"link-more\"><a href=\"https:\/\/www.unesen.ca\/press\/?p=564&#038;lang=fr\" class=\"more-link\">>><span class=\"screen-reader-text\"> &#8220;Faites-vous entendre!&#8221;<\/span><\/a><\/p>\n","protected":false},"author":3,"featured_media":0,"comment_status":"open","ping_status":"open","sticky":false,"template":"","format":"standard","meta":{"_links_to":"","_links_to_target":""},"categories":[],"tags":[],"_links":{"self":[{"href":"https:\/\/www.unesen.ca\/press\/index.php?rest_route=\/wp\/v2\/posts\/564"}],"collection":[{"href":"https:\/\/www.unesen.ca\/press\/index.php?rest_route=\/wp\/v2\/posts"}],"about":[{"href":"https:\/\/www.unesen.ca\/press\/index.php?rest_route=\/wp\/v2\/types\/post"}],"author":[{"embeddable":true,"href":"https:\/\/www.unesen.ca\/press\/index.php?rest_route=\/wp\/v2\/users\/3"}],"replies":[{"embeddable":true,"href":"https:\/\/www.unesen.ca\/press\/index.php?rest_route=%2Fwp%2Fv2%2Fcomments&post=564"}],"version-history":[{"count":1,"href":"https:\/\/www.unesen.ca\/press\/index.php?rest_route=\/wp\/v2\/posts\/564\/revisions"}],"predecessor-version":[{"id":3570,"href":"https:\/\/www.unesen.ca\/press\/index.php?rest_route=\/wp\/v2\/posts\/564\/revisions\/3570"}],"wp:attachment":[{"href":"https:\/\/www.unesen.ca\/press\/index.php?rest_route=%2Fwp%2Fv2%2Fmedia&parent=564"}],"wp:term":[{"taxonomy":"category","embeddable":true,"href":"https:\/\/www.unesen.ca\/press\/index.php?rest_route=%2Fwp%2Fv2%2Fcategories&post=564"},{"taxonomy":"post_tag","embeddable":true,"href":"https:\/\/www.unesen.ca\/press\/index.php?rest_route=%2Fwp%2Fv2%2Ftags&post=564"}],"curies":[{"name":"wp","href":"https:\/\/api.w.org\/{rel}","templated":true}]}}