{"id":554,"date":"2011-10-26T12:13:38","date_gmt":"2011-10-26T16:13:38","guid":{"rendered":"http:\/\/www.nationalcomponent.com\/press\/?p=554"},"modified":"2014-02-25T19:44:57","modified_gmt":"2014-02-25T19:44:57","slug":"nous-occupons-le-canada","status":"publish","type":"post","link":"https:\/\/www.unesen.ca\/press\/?p=554&amp;lang=fr","title":{"rendered":"Nous occupons le Canada!"},"content":{"rendered":"<p><img loading=\"lazy\" class=\"alignnone size-full wp-image-555\" alt=\"Nous occupons le Canada!\" src=\"http:\/\/www.une-sen.org\/press\/wp-content\/uploads\/2012\/03\/occupyingcanada_f.jpg\" width=\"541\" height=\"360\" srcset=\"https:\/\/www.unesen.ca\/press\/wp-content\/uploads\/2012\/03\/occupyingcanada_f.jpg 541w, https:\/\/www.unesen.ca\/press\/wp-content\/uploads\/2012\/03\/occupyingcanada_f-300x199.jpg 300w\" sizes=\"(max-width: 541px) 100vw, 541px\" \/><\/p>\n<p>\u00ab\u00a0L\u2019heure du changement arrive!\u00a0\u00bb a dit l\u2019un des militants du mouvement Occupons Ottawa.<\/p>\n<p>R\u00e9cemment, le mouvement\u00a0<em>Occupy Wall Street<\/em> a gagn\u00e9 les grandes villes canadiennes. Des membres du Syndicat des employ\u00e9es et employ\u00e9s nationaux et de l\u2019AFPC ont particip\u00e9 aux manifestations pour montrer leur appui et recueillir des signatures pour la p\u00e9tition qui vise \u00e0 prot\u00e9ger la fonction publique. Des membres de notre syndicat \u00e9taient aussi sur place pour distribuer des imperm\u00e9ables \u00e0 ceux qui occupent le parc de la Conf\u00e9d\u00e9ration.<\/p>\n<p>Les protestataires en ont assez de la fa\u00e7on dont le syst\u00e8me financier les traite. Ils se surnomment les 99\u00a0pour cent\u00a0: ceux qui n\u2019ont pas l\u2019argent n\u00e9cessaire pour influer sur les \u00e9lections ou les politiques publiques ni pour acheter un politicien. Les 99\u00a0pour cent veulent l\u2019\u00e9quit\u00e9; ils veulent que leur gouvernement travaille pour eux, les \u00e9lecteurs, plut\u00f4t que pour les grandes entreprises et les millionnaires.<\/p>\n<p>Dans une entrevue en direct r\u00e9cente de Wall Street, le journaliste de MSNBC t\u00e9l\u00e9vision, Dylan\u00a0Ratigan, a fait observer qu\u2019aux \u00c9tats-Unis la d\u00e9mocratie \u00e9tait fond\u00e9e sur les pr\u00e9ceptes de la vente aux ench\u00e8res. Pour expliquer ce qu\u2019il voulait dire, il a soulign\u00e9 que 94\u00a0% du temps, le candidat qui devient pr\u00e9sident est celui qui a ramass\u00e9 le plus d\u2019argent. Entre-temps, les Conservateurs canadiens ont aboli la subvention par votes. D\u2019ici la prochaine \u00e9lection f\u00e9d\u00e9rale, les partis politiques d\u00e9pendront enti\u00e8rement des dons re\u00e7us. Aurons-nous, nous aussi, une d\u00e9mocratie ressemblant \u00e0 une vente aux ench\u00e8res?<\/p>\n<p>M\u00eame si les liens troublants qui existent entre les entreprises et le gouvernement sont une grande pr\u00e9occupation, les protestataires se pr\u00e9occupent aussi des droits des travailleurs et de la cupidit\u00e9 du monde des affaires. Voici un extrait de la premi\u00e8re d\u00e9claration collective du mouvement\u00a0<em>Occupy Wall Street<\/em> :<\/p>\n<blockquote><p><span style=\"font-style: normal;\">[traduction]<\/span><br \/>\nIls ont perp\u00e9tu\u00e9 les in\u00e9galit\u00e9s et la discrimination en milieu de travail en fonction de l\u2019\u00e2ge, de la couleur de la peau, du sexe, de l\u2019identit\u00e9 sexuelle et de l\u2019orientation sexuelle. [\u2026]<\/p>\n<p>Ils ont continuellement tent\u00e9 de priver les employ\u00e9s de leur droit de n\u00e9gocier un meilleur salaire et des conditions de travail plus s\u00e9curitaires. [\u2026]<\/p>\n<p>Ils ont constamment eu recours \u00e0 la sous-traitance et utilis\u00e9 l\u2019impartition comme arme pour r\u00e9duire les soins de sant\u00e9 et la r\u00e9mun\u00e9ration des travailleurs.<\/p><\/blockquote>\n<p>Pour trouver un lieu de rassemblement d\u2019Occupons Canada pr\u00e8s de chez vous, consultez Facebook.<\/p>\n<p>Si vous ne l\u2019avez pas d\u00e9j\u00e0 fait, veuillez\u00a0<a href=\"http:\/\/petition.web.net\/psac\/node\/54\/fr\">signer la p\u00e9tition de l\u2019AFPC<\/a> afin de prot\u00e9ger la fonction publique!<\/p>\n","protected":false},"excerpt":{"rendered":"<p>\u00ab\u00a0L\u2019heure du changement arrive!\u00a0\u00bb a dit l\u2019un des militants du mouvement Occupons Ottawa. R\u00e9cemment, le mouvement\u00a0Occupy Wall Street a gagn\u00e9 les grandes villes canadiennes. Des membres du Syndicat des employ\u00e9es et employ\u00e9s nationaux et de l\u2019AFPC ont particip\u00e9 aux manifestations pour montrer leur appui et recueillir des signatures pour la p\u00e9tition qui vise \u00e0 prot\u00e9ger &hellip; <\/p>\n<p class=\"link-more\"><a href=\"https:\/\/www.unesen.ca\/press\/?p=554&#038;lang=fr\" class=\"more-link\">>><span class=\"screen-reader-text\"> &#8220;Nous occupons le Canada!&#8221;<\/span><\/a><\/p>\n","protected":false},"author":3,"featured_media":0,"comment_status":"open","ping_status":"open","sticky":false,"template":"","format":"standard","meta":{"_links_to":"","_links_to_target":""},"categories":[],"tags":[],"_links":{"self":[{"href":"https:\/\/www.unesen.ca\/press\/index.php?rest_route=\/wp\/v2\/posts\/554"}],"collection":[{"href":"https:\/\/www.unesen.ca\/press\/index.php?rest_route=\/wp\/v2\/posts"}],"about":[{"href":"https:\/\/www.unesen.ca\/press\/index.php?rest_route=\/wp\/v2\/types\/post"}],"author":[{"embeddable":true,"href":"https:\/\/www.unesen.ca\/press\/index.php?rest_route=\/wp\/v2\/users\/3"}],"replies":[{"embeddable":true,"href":"https:\/\/www.unesen.ca\/press\/index.php?rest_route=%2Fwp%2Fv2%2Fcomments&post=554"}],"version-history":[{"count":1,"href":"https:\/\/www.unesen.ca\/press\/index.php?rest_route=\/wp\/v2\/posts\/554\/revisions"}],"predecessor-version":[{"id":3571,"href":"https:\/\/www.unesen.ca\/press\/index.php?rest_route=\/wp\/v2\/posts\/554\/revisions\/3571"}],"wp:attachment":[{"href":"https:\/\/www.unesen.ca\/press\/index.php?rest_route=%2Fwp%2Fv2%2Fmedia&parent=554"}],"wp:term":[{"taxonomy":"category","embeddable":true,"href":"https:\/\/www.unesen.ca\/press\/index.php?rest_route=%2Fwp%2Fv2%2Fcategories&post=554"},{"taxonomy":"post_tag","embeddable":true,"href":"https:\/\/www.unesen.ca\/press\/index.php?rest_route=%2Fwp%2Fv2%2Ftags&post=554"}],"curies":[{"name":"wp","href":"https:\/\/api.w.org\/{rel}","templated":true}]}}