{"id":551,"date":"2011-10-18T12:11:30","date_gmt":"2011-10-18T16:11:30","guid":{"rendered":"http:\/\/www.nationalcomponent.com\/press\/?p=551"},"modified":"2014-02-25T19:45:19","modified_gmt":"2014-02-25T19:45:19","slug":"nous-voulons-votre-retroaction","status":"publish","type":"post","link":"https:\/\/www.unesen.ca\/press\/?p=551&amp;lang=fr","title":{"rendered":"Nous voulons votre r\u00e9troaction !"},"content":{"rendered":"<p><img loading=\"lazy\" class=\"alignnone size-full wp-image-552\" alt=\"Nous voulons votre r\u00e9troaction !\" src=\"http:\/\/www.une-sen.org\/press\/wp-content\/uploads\/2012\/03\/logofeedback_f.jpg\" width=\"541\" height=\"360\" srcset=\"https:\/\/www.unesen.ca\/press\/wp-content\/uploads\/2012\/03\/logofeedback_f.jpg 541w, https:\/\/www.unesen.ca\/press\/wp-content\/uploads\/2012\/03\/logofeedback_f-300x199.jpg 300w\" sizes=\"(max-width: 541px) 100vw, 541px\" \/><\/p>\n<p>Lors du dernier congr\u00e8s, notre syndicat a choisi de changer son nom. Nous sommes fiers de notre nouveau nom puisqu\u2019il met l\u2019emphase sur les personnes au sein de notre syndicat.<\/p>\n<p>Aujourd\u2019hui, nous sollicitons la r\u00e9troaction de nos membres. Nous aimerions entendre vos opinions envers les logos qui nous ont \u00e9t\u00e9 pr\u00e9sent\u00e9s. Nous vous demanderons, entre autres, de consid\u00e9rer si un logo bilingue serait mieux adapt\u00e9 \u00e0 notre syndicat ou si l\u2019option de deux logos unilingues serait pr\u00e9f\u00e9rable.<\/p>\n<p>Veuillez bien lire les questions et prenez un moment pour imaginer l\u2019utilisation du logo sur des articles promotionnels, chez le si\u00e8ge social, sur des documents, sur le web et sur les plateformes des m\u00e9dias sociaux.<\/p>\n<p>Veuillez\u00a0<a href=\"https:\/\/www.surveymonkey.com\/s\/UNESEN\">cliquer ici<\/a> pour participer au sondage.<\/p>\n","protected":false},"excerpt":{"rendered":"<p>Lors du dernier congr\u00e8s, notre syndicat a choisi de changer son nom. Nous sommes fiers de notre nouveau nom puisqu\u2019il met l\u2019emphase sur les personnes au sein de notre syndicat. Aujourd\u2019hui, nous sollicitons la r\u00e9troaction de nos membres. Nous aimerions entendre vos opinions envers les logos qui nous ont \u00e9t\u00e9 pr\u00e9sent\u00e9s. Nous vous demanderons, entre &hellip; <\/p>\n<p class=\"link-more\"><a href=\"https:\/\/www.unesen.ca\/press\/?p=551&#038;lang=fr\" class=\"more-link\">>><span class=\"screen-reader-text\"> &#8220;Nous voulons votre r\u00e9troaction !&#8221;<\/span><\/a><\/p>\n","protected":false},"author":3,"featured_media":0,"comment_status":"open","ping_status":"open","sticky":false,"template":"","format":"standard","meta":{"_links_to":"","_links_to_target":""},"categories":[],"tags":[],"_links":{"self":[{"href":"https:\/\/www.unesen.ca\/press\/index.php?rest_route=\/wp\/v2\/posts\/551"}],"collection":[{"href":"https:\/\/www.unesen.ca\/press\/index.php?rest_route=\/wp\/v2\/posts"}],"about":[{"href":"https:\/\/www.unesen.ca\/press\/index.php?rest_route=\/wp\/v2\/types\/post"}],"author":[{"embeddable":true,"href":"https:\/\/www.unesen.ca\/press\/index.php?rest_route=\/wp\/v2\/users\/3"}],"replies":[{"embeddable":true,"href":"https:\/\/www.unesen.ca\/press\/index.php?rest_route=%2Fwp%2Fv2%2Fcomments&post=551"}],"version-history":[{"count":1,"href":"https:\/\/www.unesen.ca\/press\/index.php?rest_route=\/wp\/v2\/posts\/551\/revisions"}],"predecessor-version":[{"id":3572,"href":"https:\/\/www.unesen.ca\/press\/index.php?rest_route=\/wp\/v2\/posts\/551\/revisions\/3572"}],"wp:attachment":[{"href":"https:\/\/www.unesen.ca\/press\/index.php?rest_route=%2Fwp%2Fv2%2Fmedia&parent=551"}],"wp:term":[{"taxonomy":"category","embeddable":true,"href":"https:\/\/www.unesen.ca\/press\/index.php?rest_route=%2Fwp%2Fv2%2Fcategories&post=551"},{"taxonomy":"post_tag","embeddable":true,"href":"https:\/\/www.unesen.ca\/press\/index.php?rest_route=%2Fwp%2Fv2%2Ftags&post=551"}],"curies":[{"name":"wp","href":"https:\/\/api.w.org\/{rel}","templated":true}]}}