{"id":538,"date":"2011-10-04T12:00:14","date_gmt":"2011-10-04T16:00:14","guid":{"rendered":"http:\/\/www.nationalcomponent.com\/press\/?p=538"},"modified":"2014-02-25T19:46:14","modified_gmt":"2014-02-25T19:46:14","slug":"une-invitee-dhonneur","status":"publish","type":"post","link":"https:\/\/www.unesen.ca\/press\/?p=538&amp;lang=fr","title":{"rendered":"Une invit\u00e9e d&#8217;honneur"},"content":{"rendered":"<p><img loading=\"lazy\" class=\"alignnone size-full wp-image-540\" alt=\"Une invit\u00e9e d'honneur\" src=\"http:\/\/www.une-sen.org\/press\/wp-content\/uploads\/2012\/03\/fsis_f.jpg\" width=\"541\" height=\"360\" srcset=\"https:\/\/www.unesen.ca\/press\/wp-content\/uploads\/2012\/03\/fsis_f.jpg 541w, https:\/\/www.unesen.ca\/press\/wp-content\/uploads\/2012\/03\/fsis_f-300x199.jpg 300w\" sizes=\"(max-width: 541px) 100vw, 541px\" \/><\/p>\n<p>\u00c0 la veille de la vigile annuelle en m\u00e9moire des femmes autochtones disparues ou assassin\u00e9es Susan\u00a0Martin avait promis d\u2019amener une invit\u00e9e d\u2019honneur. Hier, elle s\u2019est pr\u00e9sent\u00e9e sur les marches de la Colline du Parlement en tenant entre les mains l\u2019urne contenant les cendres de sa fille.<\/p>\n<p>Mme\u00a0Martin fait partie des Familles des s\u0153urs par l\u2019esprit, organisme communautaire dirig\u00e9 par les familles de femmes autochtones disparues ou assassin\u00e9es.<\/p>\n<p>\u00ab\u00a0C\u2019est la derni\u00e8re fois aujourd\u2019hui que j\u2019ai la possibilit\u00e9 d\u2019\u00eatre en contact avec les restes de mon enfant\u00a0\u00bb, a-t-elle d\u00e9clar\u00e9 aux personnes qui s\u2019\u00e9taient regroup\u00e9es, hier, dans le cadre de la sixi\u00e8me veille annuelle, pour r\u00e9clamer justice au nom de leurs ch\u00e8res disparues.<\/p>\n<p>Il y a neuf ans, la fille de Susan\u00a0Martin, Terrie\u00a0Ann\u00a0Dauphinais, qui \u00e9tait \u00e2g\u00e9e de 24\u00a0ans, a \u00e9t\u00e9 assassin\u00e9e \u00e0 son domicile de Calgary. Le meurtre n\u2019est toujours pas r\u00e9solu.<\/p>\n<p>C\u2019est avec l\u2019aide des Familles des s\u0153urs par l\u2019esprit, dans le cadre des vigiles que l\u2019organisme tient chaque ann\u00e9e, que Mme\u00a0Martin a commenc\u00e9 \u00e0 parler publiquement de sa fille. Cette ann\u00e9e, elle a invit\u00e9 tous ceux qui soutiennent sa cause \u00e0 participer \u00e0 une c\u00e9r\u00e9monie sacr\u00e9e sur l\u2019\u00eele de Victoria. L\u2019A\u00een\u00e9e Annie\u00a0Smith-St-Georges, de la premi\u00e8re nation algonquine Kitigan\u00a0Zibi, pr\u00e9parera l\u2019urne \u00e0 sa mise en terre en la scellant dans une bo\u00eete en c\u00e8dre.<\/p>\n<p>\u00ab\u00a0Je parle au nom des victimes, des m\u00e8res qui n\u2019ont pas pu encore se faire entendre \u00bb, explique-t-elle. \u00ab\u00a0Ce n\u2019est pas une t\u00e2che facile, et je le fais au nom de tous, car nous formons une famille.<\/p>\n<p>Les Familles des s\u0153urs par l\u2019esprit ont dress\u00e9 la liste de plus de 500\u00a0femmes autochtones qui sont disparues ou ont \u00e9t\u00e9 assassin\u00e9es. Selon un rapport produit en 2009 par Statistique Canada, les femmes autochtones sont pr\u00e8s de trois fois plus nombreuses que les femmes non autochtones \u00e0 se dire victime d\u2019un crime violent. Comme toutes les personnes touch\u00e9es par ces trag\u00e9dies, Mme\u00a0Martin estime que le gouvernement f\u00e9d\u00e9ral devrait en faire plus.<\/p>\n<p>\u00ab\u00a0Je suis remplie de col\u00e8re quand nous devons accueillir un nouveau membre, car personne ne devrait vivre ce que nous vivons. Pourtant, il me semble que notre message n\u2019est jamais entendu.\u00a0\u00bb<\/p>\n<p>Mme\u00a0Martin et d\u2019autres membres du groupe ont rencontr\u00e9 les d\u00e9put\u00e9es et d\u00e9put\u00e9s, lundi, pour les mettre au courant de leur exp\u00e9rience.<\/p>\n<p>\u00ab\u00a0Lorsque les d\u00e9put\u00e9s rencontrent les membres des familles, ils ne les oublient pas\u00a0\u00bb, explique Jennifer\u00a0Lord, de l\u2019Association des femmes autochtones du Canada. \u00ab\u00a0Pour les familles, c\u2019est un lien auquel elles peuvent se raccrocher.\u00a0\u00bb<\/p>\n<p>Cependant, aucun membre du parti conservateur ne s\u2019est pr\u00e9sent\u00e9 \u00e0 cette r\u00e9union, d\u00e9clare Kristen\u00a0Gilchrist, membre b\u00e9n\u00e9vole des Familles des s\u0153urs par l\u2019esprit.<\/p>\n<p>Irkar\u00a0Beljaars, b\u00e9n\u00e9vole qui a particip\u00e9 \u00e0 l\u2019organisation d\u2019une vigile semblable \u00e0 Montr\u00e9al, a demand\u00e9 au gouvernement de mettre sur pied un groupe de travail national responsable de la question des femmes autochtones disparues ou assassin\u00e9es. \u00ab\u00a0Il faut que le gouvernement se regarde dans le miroir et qu\u2019il voit ce qui est bien et ce qui est mal, affirme-t-il. Les avions de combat et les prisons, c\u2019est mal. Prendre soin des femmes de notre pays, c\u2019est bien.\u00a0\u00bb<\/p>\n<p>Susan\u00a0Martin est tout aussi r\u00e9solue. \u00ab\u00a0Je vais l\u00e2cher prise\u00a0\u00bb, dit-elle en tenant pour la derni\u00e8re fois entre ses mains l\u2019urne renfermant les cendres de sa fille. \u00ab\u00a0Mais je vais rester positive. Je vais continuer \u00e0 me battre pour la justice. Je vais continuer mon travail afin d\u2019emp\u00eacher que d\u2019autres m\u00e8res et d\u2019autres parents n\u2019aient \u00e0 \u00e9prouver ce que j\u2019\u00e9prouve.\u00a0\u00bb<\/p>\n<p><strong>Ce que vous pouvez faire:<br \/>\n<\/strong>\u00c9crivez \u00e0 Stephen Harper et votre d\u00e9put\u00e9e ou d\u00e9put\u00e9 \u00e0 la Chambre des communes. Dites-leur que les femmes autochtones sont aim\u00e9es et appr\u00e9ci\u00e9es. Exigez la mise \u00e0 pied d\u2019un groupe de travail national responsable de la question des femmes autochtones disparues ou assassin\u00e9es.<\/p>\n<p>Suivez les Familles des s\u0153urs par l\u2019esprit sur Facebook. Vous pouvez rester \u00e0 l\u2019affut au sujet des femmes port\u00e9es disparues. Ainsi, vous pouvez aider \u00e0 retrouver ces personnes et de les ramener chez elles saines et sauves.<\/p>\n<table width=\"530\" border=\"0\" cellspacing=\"0\" cellpadding=\"0\">\n<tbody>\n<tr>\n<td width=\"51\"><a href=\"http:\/\/www.flickr.com\/photos\/element_national_component\/sets\/72157626978663744\/\"><img loading=\"lazy\" alt=\"FlickR\" src=\"http:\/\/une-sen.org\/images\/flickr.png\" width=\"39\" height=\"39\" border=\"0\" \/><\/a><\/td>\n<td width=\"479\">Il y a plusieurs autres photos de la comm\u00e9moration. Veuillez consulter\u00a0<a href=\"http:\/\/www.flickr.com\/photos\/element_national_component\/sets\/72157627832386656\/\">le site Flickr du Syndicat des employ\u00e9es employ\u00e9s nationaux.<\/a><\/td>\n<\/tr>\n<\/tbody>\n<\/table>\n","protected":false},"excerpt":{"rendered":"<p>\u00c0 la veille de la vigile annuelle en m\u00e9moire des femmes autochtones disparues ou assassin\u00e9es Susan\u00a0Martin avait promis d\u2019amener une invit\u00e9e d\u2019honneur. Hier, elle s\u2019est pr\u00e9sent\u00e9e sur les marches de la Colline du Parlement en tenant entre les mains l\u2019urne contenant les cendres de sa fille. Mme\u00a0Martin fait partie des Familles des s\u0153urs par l\u2019esprit, &hellip; <\/p>\n<p class=\"link-more\"><a href=\"https:\/\/www.unesen.ca\/press\/?p=538&#038;lang=fr\" class=\"more-link\">>><span class=\"screen-reader-text\"> &#8220;Une invit\u00e9e d&#8217;honneur&#8221;<\/span><\/a><\/p>\n","protected":false},"author":3,"featured_media":0,"comment_status":"open","ping_status":"open","sticky":false,"template":"","format":"standard","meta":{"_links_to":"","_links_to_target":""},"categories":[],"tags":[],"_links":{"self":[{"href":"https:\/\/www.unesen.ca\/press\/index.php?rest_route=\/wp\/v2\/posts\/538"}],"collection":[{"href":"https:\/\/www.unesen.ca\/press\/index.php?rest_route=\/wp\/v2\/posts"}],"about":[{"href":"https:\/\/www.unesen.ca\/press\/index.php?rest_route=\/wp\/v2\/types\/post"}],"author":[{"embeddable":true,"href":"https:\/\/www.unesen.ca\/press\/index.php?rest_route=\/wp\/v2\/users\/3"}],"replies":[{"embeddable":true,"href":"https:\/\/www.unesen.ca\/press\/index.php?rest_route=%2Fwp%2Fv2%2Fcomments&post=538"}],"version-history":[{"count":1,"href":"https:\/\/www.unesen.ca\/press\/index.php?rest_route=\/wp\/v2\/posts\/538\/revisions"}],"predecessor-version":[{"id":3574,"href":"https:\/\/www.unesen.ca\/press\/index.php?rest_route=\/wp\/v2\/posts\/538\/revisions\/3574"}],"wp:attachment":[{"href":"https:\/\/www.unesen.ca\/press\/index.php?rest_route=%2Fwp%2Fv2%2Fmedia&parent=538"}],"wp:term":[{"taxonomy":"category","embeddable":true,"href":"https:\/\/www.unesen.ca\/press\/index.php?rest_route=%2Fwp%2Fv2%2Fcategories&post=538"},{"taxonomy":"post_tag","embeddable":true,"href":"https:\/\/www.unesen.ca\/press\/index.php?rest_route=%2Fwp%2Fv2%2Ftags&post=538"}],"curies":[{"name":"wp","href":"https:\/\/api.w.org\/{rel}","templated":true}]}}