{"id":525,"date":"2011-09-25T11:49:32","date_gmt":"2011-09-25T15:49:32","guid":{"rendered":"http:\/\/www.nationalcomponent.com\/press\/?p=525"},"modified":"2014-02-25T19:46:42","modified_gmt":"2014-02-25T19:46:42","slug":"nous-nous-souvenons","status":"publish","type":"post","link":"https:\/\/www.unesen.ca\/press\/?p=525&amp;lang=fr","title":{"rendered":"Nous nous souvenons"},"content":{"rendered":"<p><img loading=\"lazy\" class=\"alignnone size-full wp-image-526\" alt=\"Nous nous souvenons\" src=\"http:\/\/www.une-sen.org\/press\/wp-content\/uploads\/2012\/03\/remembering_f.jpg\" width=\"541\" height=\"360\" srcset=\"https:\/\/www.unesen.ca\/press\/wp-content\/uploads\/2012\/03\/remembering_f.jpg 541w, https:\/\/www.unesen.ca\/press\/wp-content\/uploads\/2012\/03\/remembering_f-300x199.jpg 300w\" sizes=\"(max-width: 541px) 100vw, 541px\" \/><\/p>\n<p>On pouvait entendre le son triste de cornemuses, le dimanche pass\u00e9, au centre-ville d\u2019Ottawa. Il provenait de la Colline du Parlement, o\u00f9 des policiers et des agents de la paix s\u2019\u00e9taient rassembl\u00e9s en souvenir de leurs camarades morts en service.<\/p>\n<p>La comm\u00e9moration a attir\u00e9 des centaines d\u2019agents des quatre coins du pays, de m\u00eame que des centaines de spectateurs qui \u00e9taient l\u00e0 pour montrer leur soutien. Le gouverneur g\u00e9n\u00e9ral David\u00a0Johnston \u00e9tait \u00e9galement pr\u00e9sent.<\/p>\n<p>\u00ab En assurant notre s\u00fbret\u00e9, parfois au p\u00e9ril de leur propre vie, les membres de la grande famille des forces de l\u2019ordre contribuent \u00e0 l\u2019harmonie qui existe au sein de nos collectivit\u00e9s et, ainsi, \u00e0 la r\u00e9putation enviable du Canada\u00a0\u00bb, a dit M. Johnston.<\/p>\n<p>Doug Marshall et Karoline Kl\u00fcg \u00e9taient pr\u00e9sents pour soutenir les neuf membres du syndicat qui travaillent pour Parcs Canada en tant qu\u2019agents de la paix. \u00ab\u00a0La plupart des Canadiennes et Canadiens ne sont probablement pas conscients que quatre gardes de parcs sont morts en service depuis l\u2019an 1980 \u00bb, a dit M. Marshall. \u00ab\u00a0Les gardes de parcs, comme tous les membres de la collectivit\u00e9 d&#8217;application de la loi, mettent leurs propres vies en p\u00e9ril pour prot\u00e9ger celles de leurs concitoyennes canadiennes et concitoyens canadiens. C\u2019est merveilleux qu\u2019ils soient honor\u00e9s ici aujourd\u2019hui\u00a0\u00bb, ajoute-t-il.<\/p>\n<p>Parmi l\u2019assistance, on a vu \u00e9galement Jennifer Ho (VPR &#8211; C.-B. et Yukon), Marc Danis (Repr\u00e9sentant des droits de la personne &#8211; Manitoba), Yvon Beaudoin (VPRA &#8211; Qu\u00e9bec), Angela Decker (VPR-Atlantic), Geoff Ryan (VPRA-AB, T.N.-O. et Nunavut) et Sandra Bello (VRPA-Ontario) qui \u00e9taient en ville pour une r\u00e9union d\u2019un comit\u00e9 de planification. Plusieurs membres du personnel du syndicat y \u00e9taient aussi pr\u00e9sents: Suzanne Boucher, Susan Phillips, Franco Picciano, et Ben Ren\u00e9.<\/p>\n<p>D\u2019autres comm\u00e9morations ont aussi eu lieu partout au Canada.<\/p>\n<p>Pour visionner des photos de la comm\u00e9moration, allez voir\u00a0<a href=\"http:\/\/www.flickr.com\/photos\/element_national_component\/sets\/\">notre page sur le site Flickr<\/a>.<\/p>\n","protected":false},"excerpt":{"rendered":"<p>On pouvait entendre le son triste de cornemuses, le dimanche pass\u00e9, au centre-ville d\u2019Ottawa. Il provenait de la Colline du Parlement, o\u00f9 des policiers et des agents de la paix s\u2019\u00e9taient rassembl\u00e9s en souvenir de leurs camarades morts en service. La comm\u00e9moration a attir\u00e9 des centaines d\u2019agents des quatre coins du pays, de m\u00eame que &hellip; <\/p>\n<p class=\"link-more\"><a href=\"https:\/\/www.unesen.ca\/press\/?p=525&#038;lang=fr\" class=\"more-link\">>><span class=\"screen-reader-text\"> &#8220;Nous nous souvenons&#8221;<\/span><\/a><\/p>\n","protected":false},"author":3,"featured_media":0,"comment_status":"open","ping_status":"open","sticky":false,"template":"","format":"standard","meta":{"_links_to":"","_links_to_target":""},"categories":[],"tags":[],"_links":{"self":[{"href":"https:\/\/www.unesen.ca\/press\/index.php?rest_route=\/wp\/v2\/posts\/525"}],"collection":[{"href":"https:\/\/www.unesen.ca\/press\/index.php?rest_route=\/wp\/v2\/posts"}],"about":[{"href":"https:\/\/www.unesen.ca\/press\/index.php?rest_route=\/wp\/v2\/types\/post"}],"author":[{"embeddable":true,"href":"https:\/\/www.unesen.ca\/press\/index.php?rest_route=\/wp\/v2\/users\/3"}],"replies":[{"embeddable":true,"href":"https:\/\/www.unesen.ca\/press\/index.php?rest_route=%2Fwp%2Fv2%2Fcomments&post=525"}],"version-history":[{"count":1,"href":"https:\/\/www.unesen.ca\/press\/index.php?rest_route=\/wp\/v2\/posts\/525\/revisions"}],"predecessor-version":[{"id":3575,"href":"https:\/\/www.unesen.ca\/press\/index.php?rest_route=\/wp\/v2\/posts\/525\/revisions\/3575"}],"wp:attachment":[{"href":"https:\/\/www.unesen.ca\/press\/index.php?rest_route=%2Fwp%2Fv2%2Fmedia&parent=525"}],"wp:term":[{"taxonomy":"category","embeddable":true,"href":"https:\/\/www.unesen.ca\/press\/index.php?rest_route=%2Fwp%2Fv2%2Fcategories&post=525"},{"taxonomy":"post_tag","embeddable":true,"href":"https:\/\/www.unesen.ca\/press\/index.php?rest_route=%2Fwp%2Fv2%2Ftags&post=525"}],"curies":[{"name":"wp","href":"https:\/\/api.w.org\/{rel}","templated":true}]}}