{"id":522,"date":"2011-09-19T11:43:36","date_gmt":"2011-09-19T15:43:36","guid":{"rendered":"http:\/\/www.nationalcomponent.com\/press\/?p=522"},"modified":"2014-02-25T19:47:08","modified_gmt":"2014-02-25T19:47:08","slug":"une-tragedie-nationale-le-vol-de-la-vie-de-nos-soeurs","status":"publish","type":"post","link":"https:\/\/www.unesen.ca\/press\/?p=522&amp;lang=fr","title":{"rendered":"Une trag\u00e9die nationale: le vol de la vie de nos soeurs"},"content":{"rendered":"<p><img loading=\"lazy\" class=\"alignnone size-full wp-image-523\" alt=\"Une trag\u00e9die nationale: le vol de la vie de nos soeurs\" src=\"http:\/\/www.une-sen.org\/press\/wp-content\/uploads\/2012\/03\/stolensisters_f.jpg\" width=\"541\" height=\"360\" srcset=\"https:\/\/www.unesen.ca\/press\/wp-content\/uploads\/2012\/03\/stolensisters_f.jpg 541w, https:\/\/www.unesen.ca\/press\/wp-content\/uploads\/2012\/03\/stolensisters_f-300x199.jpg 300w\" sizes=\"(max-width: 541px) 100vw, 541px\" \/><\/p>\n<p>19\u00a0septembre\u00a02011 \u2013 Une marche entam\u00e9e \u00e0 Vancouver le 21\u00a0juin a atteint la Colline\u00a0du\u00a0Parlement, o\u00f9 des activistes r\u00e9clamaient que le gouvernement Harper prenne en charge une v\u00e9ritable trag\u00e9die nationale. L&#8217;\u00e9v\u00e9nement Marche\u00a0pour\u00a0la\u00a0justice a travers\u00e9 le pays pour attirer l&#8217;attention sur les quelque 4\u00a0200\u00a0femmes assassin\u00e9es ou port\u00e9es disparues. Les manifestants participant \u00e0 l&#8217;\u00e9v\u00e9nement ont \u00e9t\u00e9 accueillis par le mouvement les Familles de s\u0153urs\u00a0par\u00a0l&#8217;esprit, dont le but est d&#8217;informer le public des r\u00e9percussions de la violence \u00e0 l&#8217;endroit des femmes autochtones.<\/p>\n<p>Theresa\u00a0Ducharme, anciennement de S\u0153urs\u00a0par l&#8217;esprit, remarque que le nombre de femmes assassin\u00e9es et port\u00e9es disparues ne fait qu&#8217;accro\u00eetre depuis qu&#8217;elle s&#8217;est impliqu\u00e9e dans le groupe, il y a de cela cinq\u00a0ans. En fait, depuis le d\u00e9but de la marche, en juin, 36\u00a0femmes autochtones ont \u00e9t\u00e9 port\u00e9es disparues.<\/p>\n<p>\u00ab\u00a0Rona\u00a0Ambrose, il y a quelques semaines, nous a dit que ses pens\u00e9es \u00e9taient avec vous&#8230; Voil\u00e0 qui est bien gentil de sa part! Puisque le nombre de femmes autochtones assassin\u00e9es ou port\u00e9es disparues ne cesse de cro\u00eetre dans tout le pays, c&#8217;est tout ce qui nous restera si rien n&#8217;est fait\u00a0\u00bb, plaide\u00a0<a href=\"http:\/\/irkarbeljaars.com\/\">Irkar\u00a0Beljaars,<\/a> du mouvement S\u0153urs\u00a0par\u00a0l&#8217;esprit \u00e0 Montr\u00e9al. M.\u00a0Beljarrs affirme que leur engagement par rapport \u00e0 ce probl\u00e8me est ind\u00e9fectible et fait appel \u00e0 Stephen\u00a0Harper ainsi qu&#8217;\u00e0 son gouvernement en vue de cr\u00e9er un groupe national de travail consacr\u00e9 aux femmes autochtones assassin\u00e9es ou port\u00e9es disparues.<\/p>\n<p>Plusieurs membres des familles de femmes assassin\u00e9es ou port\u00e9es disparues ont particip\u00e9 \u00e0 la marche. Gilbert\u00a0Gauthier, de Winnipeg, marchait au nom de Claudette\u00a0Osborne\u00a0Tyo, port\u00e9e disparue depuis juillet\u00a02008. M.\u00a0Gauthier confiait que les circonstances \u00e9taient particuli\u00e8rement difficiles pour la m\u00e8re de Claudette, qui se r\u00e9veille chaque matin en se demandant ce qui est advenu de sa fille. \u00ab\u00a0Les policiers affirment, juste parce qu&#8217;elle \u00e9tait une prostitu\u00e9e, qu&#8217;elle a probablement d\u00e9cid\u00e9 de partir par elle-m\u00eame, mais ce n&#8217;est pas vrai. Elle nous t\u00e9l\u00e9phonait toujours, chaque jour\u00a0\u00bb, ajoute-t-il.<\/p>\n<p>Alaya\u00a0McIvor, de la Premi\u00e8re\u00a0Nation ojibway de Sandy\u00a0Bay (200\u00a0km au nord-ouest de Winnipeg,\u00a0MB) a particip\u00e9 au rassemblement dans l&#8217;espoir que justice soit rendue pour le meurtre de sa cousine, Roberta\u00a0McIvor. \u00ab\u00a0Elle a \u00e9t\u00e9 assassin\u00e9e, il y a 47\u00a0jours, le 30\u00a0juillet dernier. Elle a \u00e9t\u00e9 d\u00e9capit\u00e9e dans la collectivit\u00e9\u00a0\u00bb r\u00e9v\u00e8le Mme. McIvor. Deux jeunes de 15\u00a0et 17\u00a0ans ont \u00e9t\u00e9 arr\u00eat\u00e9s, mais Mme.\u00a0McIvor et sa famille croient que d&#8217;autres individus \u00e9taient impliqu\u00e9s dans le meurtre. Malgr\u00e9 le caract\u00e8re manifestement tr\u00e8s violent du crime, les individus arr\u00eat\u00e9s n&#8217;ont \u00e9t\u00e9 accus\u00e9s que d&#8217;homicide involontaire.<\/p>\n<p>Sharon\u00a0Johnson, de Thunder\u00a0Bay, marchait pour sa s\u0153ur cadette. Sandra\u00a0K.\u00a0Johnson a \u00e9t\u00e9 viol\u00e9e et assassin\u00e9e en\u00a01992; cette affaire demeure non r\u00e9solue. \u00ab\u00a0Notre septi\u00e8me marche comm\u00e9morative annuelle vient tout juste d&#8217;avoir lieu \u00e0 Thunder\u00a0Bay\u00a0\u00bb, d\u00e9clare Sharon. Elle a obtenu beaucoup de soutien de la part des m\u00e9dias locaux et des \u00e9tudiants de l&#8217;Universit\u00e9\u00a0Lakehead; toutefois, il n&#8217;y a toujours aucun indice en ce qui a trait au meurtre de sa s\u0153ur.<\/p>\n<p>Le mouvement des Familles de s\u0153urs\u00a0par\u00a0l&#8217;esprit organisera des vigiles partout au Canada, le 4\u00a0octobre. Pour conna\u00eetre davantage les fa\u00e7ons d&#8217;y participer, visitez\u00a0<a href=\"http:\/\/www.facebook.com\/event.php?eid=163367953739707\">la page Facebook annon\u00e7ant l&#8217;\u00e9v\u00e9nement<\/a> de la vigile. Les Familles des s\u0153urs\u00a0par\u00a0l&#8217;esprit diffuse \u00e9galement des alertes de femmes disparues sur\u00a0<a href=\"http:\/\/www.facebook.com\/pages\/Families-of-Sisters-in-Spirit\/169989823049052\">sa page Facebook<\/a>.<\/p>\n<p>Pour visionner des photos de la marche, allez voir\u00a0<a href=\"http:\/\/www.flickr.com\/photos\/element_national_component\/sets\/\">notre page sur le site Flickr<\/a>.<\/p>\n","protected":false},"excerpt":{"rendered":"<p>19\u00a0septembre\u00a02011 \u2013 Une marche entam\u00e9e \u00e0 Vancouver le 21\u00a0juin a atteint la Colline\u00a0du\u00a0Parlement, o\u00f9 des activistes r\u00e9clamaient que le gouvernement Harper prenne en charge une v\u00e9ritable trag\u00e9die nationale. L&#8217;\u00e9v\u00e9nement Marche\u00a0pour\u00a0la\u00a0justice a travers\u00e9 le pays pour attirer l&#8217;attention sur les quelque 4\u00a0200\u00a0femmes assassin\u00e9es ou port\u00e9es disparues. Les manifestants participant \u00e0 l&#8217;\u00e9v\u00e9nement ont \u00e9t\u00e9 accueillis par le &hellip; <\/p>\n<p class=\"link-more\"><a href=\"https:\/\/www.unesen.ca\/press\/?p=522&#038;lang=fr\" class=\"more-link\">>><span class=\"screen-reader-text\"> &#8220;Une trag\u00e9die nationale: le vol de la vie de nos soeurs&#8221;<\/span><\/a><\/p>\n","protected":false},"author":3,"featured_media":0,"comment_status":"open","ping_status":"open","sticky":false,"template":"","format":"standard","meta":{"_links_to":"","_links_to_target":""},"categories":[],"tags":[],"_links":{"self":[{"href":"https:\/\/www.unesen.ca\/press\/index.php?rest_route=\/wp\/v2\/posts\/522"}],"collection":[{"href":"https:\/\/www.unesen.ca\/press\/index.php?rest_route=\/wp\/v2\/posts"}],"about":[{"href":"https:\/\/www.unesen.ca\/press\/index.php?rest_route=\/wp\/v2\/types\/post"}],"author":[{"embeddable":true,"href":"https:\/\/www.unesen.ca\/press\/index.php?rest_route=\/wp\/v2\/users\/3"}],"replies":[{"embeddable":true,"href":"https:\/\/www.unesen.ca\/press\/index.php?rest_route=%2Fwp%2Fv2%2Fcomments&post=522"}],"version-history":[{"count":1,"href":"https:\/\/www.unesen.ca\/press\/index.php?rest_route=\/wp\/v2\/posts\/522\/revisions"}],"predecessor-version":[{"id":3576,"href":"https:\/\/www.unesen.ca\/press\/index.php?rest_route=\/wp\/v2\/posts\/522\/revisions\/3576"}],"wp:attachment":[{"href":"https:\/\/www.unesen.ca\/press\/index.php?rest_route=%2Fwp%2Fv2%2Fmedia&parent=522"}],"wp:term":[{"taxonomy":"category","embeddable":true,"href":"https:\/\/www.unesen.ca\/press\/index.php?rest_route=%2Fwp%2Fv2%2Fcategories&post=522"},{"taxonomy":"post_tag","embeddable":true,"href":"https:\/\/www.unesen.ca\/press\/index.php?rest_route=%2Fwp%2Fv2%2Ftags&post=522"}],"curies":[{"name":"wp","href":"https:\/\/api.w.org\/{rel}","templated":true}]}}