{"id":514,"date":"2011-09-15T11:32:57","date_gmt":"2011-09-15T15:32:57","guid":{"rendered":"http:\/\/www.nationalcomponent.com\/press\/?p=514"},"modified":"2014-02-25T19:47:34","modified_gmt":"2014-02-25T19:47:34","slug":"des-felicitations-bien-meritees","status":"publish","type":"post","link":"https:\/\/www.unesen.ca\/press\/?p=514&amp;lang=fr","title":{"rendered":"Des f\u00e9licitations bien m\u00e9rit\u00e9es"},"content":{"rendered":"<p><img loading=\"lazy\" class=\"alignnone size-full wp-image-515\" alt=\"Des f\u00e9licitations bien m\u00e9rit\u00e9es\" src=\"http:\/\/www.une-sen.org\/press\/wp-content\/uploads\/2012\/03\/clc_grads_fr.jpg\" width=\"541\" height=\"360\" srcset=\"https:\/\/www.unesen.ca\/press\/wp-content\/uploads\/2012\/03\/clc_grads_fr.jpg 541w, https:\/\/www.unesen.ca\/press\/wp-content\/uploads\/2012\/03\/clc_grads_fr-300x199.jpg 300w\" sizes=\"(max-width: 541px) 100vw, 541px\" \/><\/p>\n<p>Quelques mois pass\u00e9s, nous avons publi\u00e9 un article mettant les pleins feux sur quatre membres du Syndicat des Employ\u00e9es et Employ\u00e9s Nationaux qui avaient \u00e9t\u00e9 choisies pour faire des \u00e9tudes au Coll\u00e8ge syndical du Canada du Congr\u00e8s des travailleurs du Canada (CTC). Aujourd\u2019hui, nous sommes fiers d\u2019annoncer que ces quatre v\u00e9ritables \u00e9toiles sont maintenant des dipl\u00f4m\u00e9es (avec grandes distinctions, surement!).<\/p>\n<p>Ces dipl\u00f4m\u00e9es sont : Sandra Bello (Vice-pr\u00e9sidente adjointe, r\u00e9gion de l\u2019Ontario), Layne Carr-Wyatt (Repr\u00e9sentante de la sant\u00e9 et la s\u00e9curit\u00e9 en milieu de travail pour la section locale X0150 au Nunavut), Jennifer Chieh Ho (Vice-pr\u00e9sidente r\u00e9gionale, R\u00e9gion de la C.-B. et du Yukon), et Mich\u00e8le Milotte (Vice-pr\u00e9sidente r\u00e9gionale, RCN-Employeurs distincts).<\/p>\n<p>Chaque ann\u00e9e, le CTC accueille des milliers de syndicalistes qui cherchent \u00e0 enrichir leurs connaissances des enjeux syndicaux. Le Coll\u00e8ge syndical du Canada fournit un programme intensif \u00e0 l\u2019intention des militantes et des militants qui d\u00e9sirent am\u00e9liorer leurs capacit\u00e9s en leadership.<\/p>\n<p>Dans son livre\u00a0<em>Canadian Labour in Crisis<\/em> (ce livre est tr\u00e8s r\u00e9cent; la maison de presse cherche maintenant \u00e0 le traduire en fran\u00e7ais) David Camfield \u00e9crit\u00a0: \u00ab\u00a0l\u2019\u00e9ducation syndicale fournit une introduction \u00e0 des fa\u00e7ons primordiales de comprendre la soci\u00e9t\u00e9 qui ne sont presque jamais offerts chez d&#8217;autres formes d&#8217;enseignement des adultes ou dans les m\u00e9dias.\u00a0\u00bb<\/p>\n<p>F\u00e9licitations \u00e0 nos dipl\u00f4m\u00e9es du Coll\u00e8ge syndical du Canada! Elles ont compl\u00e9t\u00e9 une occasion d\u2019apprentissage qui est fortement unique et pr\u00e9cieuse.<\/p>\n","protected":false},"excerpt":{"rendered":"<p>Quelques mois pass\u00e9s, nous avons publi\u00e9 un article mettant les pleins feux sur quatre membres du Syndicat des Employ\u00e9es et Employ\u00e9s Nationaux qui avaient \u00e9t\u00e9 choisies pour faire des \u00e9tudes au Coll\u00e8ge syndical du Canada du Congr\u00e8s des travailleurs du Canada (CTC). Aujourd\u2019hui, nous sommes fiers d\u2019annoncer que ces quatre v\u00e9ritables \u00e9toiles sont maintenant des &hellip; <\/p>\n<p class=\"link-more\"><a href=\"https:\/\/www.unesen.ca\/press\/?p=514&#038;lang=fr\" class=\"more-link\">>><span class=\"screen-reader-text\"> &#8220;Des f\u00e9licitations bien m\u00e9rit\u00e9es&#8221;<\/span><\/a><\/p>\n","protected":false},"author":3,"featured_media":0,"comment_status":"open","ping_status":"open","sticky":false,"template":"","format":"standard","meta":{"_links_to":"","_links_to_target":""},"categories":[],"tags":[],"_links":{"self":[{"href":"https:\/\/www.unesen.ca\/press\/index.php?rest_route=\/wp\/v2\/posts\/514"}],"collection":[{"href":"https:\/\/www.unesen.ca\/press\/index.php?rest_route=\/wp\/v2\/posts"}],"about":[{"href":"https:\/\/www.unesen.ca\/press\/index.php?rest_route=\/wp\/v2\/types\/post"}],"author":[{"embeddable":true,"href":"https:\/\/www.unesen.ca\/press\/index.php?rest_route=\/wp\/v2\/users\/3"}],"replies":[{"embeddable":true,"href":"https:\/\/www.unesen.ca\/press\/index.php?rest_route=%2Fwp%2Fv2%2Fcomments&post=514"}],"version-history":[{"count":1,"href":"https:\/\/www.unesen.ca\/press\/index.php?rest_route=\/wp\/v2\/posts\/514\/revisions"}],"predecessor-version":[{"id":3577,"href":"https:\/\/www.unesen.ca\/press\/index.php?rest_route=\/wp\/v2\/posts\/514\/revisions\/3577"}],"wp:attachment":[{"href":"https:\/\/www.unesen.ca\/press\/index.php?rest_route=%2Fwp%2Fv2%2Fmedia&parent=514"}],"wp:term":[{"taxonomy":"category","embeddable":true,"href":"https:\/\/www.unesen.ca\/press\/index.php?rest_route=%2Fwp%2Fv2%2Fcategories&post=514"},{"taxonomy":"post_tag","embeddable":true,"href":"https:\/\/www.unesen.ca\/press\/index.php?rest_route=%2Fwp%2Fv2%2Ftags&post=514"}],"curies":[{"name":"wp","href":"https:\/\/api.w.org\/{rel}","templated":true}]}}