{"id":504,"date":"2011-08-28T11:19:32","date_gmt":"2011-08-28T15:19:32","guid":{"rendered":"http:\/\/www.nationalcomponent.com\/press\/?p=504"},"modified":"2014-02-25T19:48:06","modified_gmt":"2014-02-25T19:48:06","slug":"rencontrez-camila-vallejo","status":"publish","type":"post","link":"https:\/\/www.unesen.ca\/press\/?p=504&amp;lang=fr","title":{"rendered":"Rencontrez Camila Vallejo"},"content":{"rendered":"<p><img loading=\"lazy\" class=\"alignnone size-full wp-image-505\" alt=\"Rencontrez Camila Vallejo\" src=\"http:\/\/www.une-sen.org\/press\/wp-content\/uploads\/2012\/03\/camila_fr.jpg\" width=\"541\" height=\"360\" srcset=\"https:\/\/www.unesen.ca\/press\/wp-content\/uploads\/2012\/03\/camila_fr.jpg 541w, https:\/\/www.unesen.ca\/press\/wp-content\/uploads\/2012\/03\/camila_fr-300x199.jpg 300w\" sizes=\"(max-width: 541px) 100vw, 541px\" \/><\/p>\n<p>Certains l\u2019appellent l\u2019hiver chilien: un mouvement revendicatif qui n\u2019est pas bien diff\u00e9rent des \u00e9v\u00e8nements du Moyen-Orient commun\u00e9ment appel\u00e9 le printemps arabe. Les manifestantes et les manifestants se sont r\u00e9unis pour demander au gouvernement d&#8217;am\u00e9liorer et de rendre l&#8217;acc\u00e8s \u00e0 l&#8217;\u00e9ducation plus abordable. L\u2019insurrection a r\u00e9cemment entrain\u00e9 une paralyse nationale. Nombreux, des fonctionnaires se sont joints aux \u00e9tudiantes et aux \u00e9tudiants qui manifestaient.<\/p>\n<p>\u00c0 la t\u00eate du mouvement, l&#8217;on trouve Camila Vallejo; une \u00e9tudiante et une militante ag\u00e9e de 23 ans. Gr\u00e2ce \u00e0 sa direction, le gouvernement a promis de baisser consid\u00e9rablement les taux d\u2019int\u00e9r\u00eats sur les pr\u00eats \u00e9tudiants et d\u2019investir plus d\u2019un trillion de pesos (2 milliards de dollars) dans l\u2019\u00e9ducation.<\/p>\n<p>Les manifestations qu\u2019elle a organis\u00e9es ont attir\u00e9 des milliers de sympathisantes et de sympathisants. Malgr\u00e9 la violence de quelques manifestations, Vallejo est claire \u00e0 propos de leurs intentions : \u00ab Nous ne voulons pas de violence. Notre lutte n\u2019est pas contre la police ou de d\u00e9truire des commerces\u2026 notre lutte consiste \u00e0 r\u00e9cup\u00e9rer le droit \u00e0 l\u2019\u00e9ducation. \u00bb<\/p>\n<p>Depuis qu\u2019elle a re\u00e7u des menaces de mort, dont une de la part d\u2019une responsable gouvernementale &#8211; mise \u00e0 pied par la suite &#8211; Vallejo re\u00e7oit maintenant de la protection de la police. Malgr\u00e9 ces menaces, un sondage r\u00e9cent d\u00e9montre que sa lutte re\u00e7oit l\u2019appui de 80 pour cent de ses concitoyennes et concitoyens.<\/p>\n<p>Pour de plus amples informations au sujet de Camila et de l\u2019insurrection au Chile, veuillez consulter\u00a0<a href=\"http:\/\/www.lemonde.fr\/ameriques\/article\/2011\/08\/10\/chili-les-etudiants-se-soulevent-contre-les-restes-de-l-ere-pinochet_1558039_3222.html\">cet article<\/a> dans le journal fran\u00e7ais\u00a0<em>Le Monde<\/em> ou\u00a0<a href=\"http:\/\/www.lemonde.fr\/ameriques\/article\/2011\/08\/10\/chili-les-etudiants-se-soulevent-contre-les-restes-de-l-ere-pinochet_1558039_3222.html\">cet article<\/a> dans le journal anglais\u00a0<em>The Guardian<\/em>.<\/p>\n<p>Finalement, nous souhaitons remercier un nouvel ami chilien de notre syndicat,\u00a0<a href=\"http:\/\/www.flickr.com\/photos\/marchelino\/\">Marcelo Moisan<\/a>, qui nous a gracieusement permit d\u2019utiliser la photo ci-dessus pour cet article. Si vous avez un moment, allez voir le<a href=\"http:\/\/www.flickr.com\/photos\/marchelino\/\"> site Flickr de Marcelo<\/a>,\u00a0<a href=\"http:\/\/www.flickr.com\/photos\/marchelino\/5850015435\/\">partagez un commentaire ou dites-lui merci pour la photo<\/a>, ou ajoutez-le comme contact Flickr : il a plusieurs photos g\u00e9niales!<\/p>\n","protected":false},"excerpt":{"rendered":"<p>Certains l\u2019appellent l\u2019hiver chilien: un mouvement revendicatif qui n\u2019est pas bien diff\u00e9rent des \u00e9v\u00e8nements du Moyen-Orient commun\u00e9ment appel\u00e9 le printemps arabe. Les manifestantes et les manifestants se sont r\u00e9unis pour demander au gouvernement d&#8217;am\u00e9liorer et de rendre l&#8217;acc\u00e8s \u00e0 l&#8217;\u00e9ducation plus abordable. L\u2019insurrection a r\u00e9cemment entrain\u00e9 une paralyse nationale. Nombreux, des fonctionnaires se sont joints &hellip; <\/p>\n<p class=\"link-more\"><a href=\"https:\/\/www.unesen.ca\/press\/?p=504&#038;lang=fr\" class=\"more-link\">>><span class=\"screen-reader-text\"> &#8220;Rencontrez Camila Vallejo&#8221;<\/span><\/a><\/p>\n","protected":false},"author":3,"featured_media":0,"comment_status":"open","ping_status":"open","sticky":false,"template":"","format":"standard","meta":{"_links_to":"","_links_to_target":""},"categories":[],"tags":[],"_links":{"self":[{"href":"https:\/\/www.unesen.ca\/press\/index.php?rest_route=\/wp\/v2\/posts\/504"}],"collection":[{"href":"https:\/\/www.unesen.ca\/press\/index.php?rest_route=\/wp\/v2\/posts"}],"about":[{"href":"https:\/\/www.unesen.ca\/press\/index.php?rest_route=\/wp\/v2\/types\/post"}],"author":[{"embeddable":true,"href":"https:\/\/www.unesen.ca\/press\/index.php?rest_route=\/wp\/v2\/users\/3"}],"replies":[{"embeddable":true,"href":"https:\/\/www.unesen.ca\/press\/index.php?rest_route=%2Fwp%2Fv2%2Fcomments&post=504"}],"version-history":[{"count":1,"href":"https:\/\/www.unesen.ca\/press\/index.php?rest_route=\/wp\/v2\/posts\/504\/revisions"}],"predecessor-version":[{"id":3578,"href":"https:\/\/www.unesen.ca\/press\/index.php?rest_route=\/wp\/v2\/posts\/504\/revisions\/3578"}],"wp:attachment":[{"href":"https:\/\/www.unesen.ca\/press\/index.php?rest_route=%2Fwp%2Fv2%2Fmedia&parent=504"}],"wp:term":[{"taxonomy":"category","embeddable":true,"href":"https:\/\/www.unesen.ca\/press\/index.php?rest_route=%2Fwp%2Fv2%2Fcategories&post=504"},{"taxonomy":"post_tag","embeddable":true,"href":"https:\/\/www.unesen.ca\/press\/index.php?rest_route=%2Fwp%2Fv2%2Ftags&post=504"}],"curies":[{"name":"wp","href":"https:\/\/api.w.org\/{rel}","templated":true}]}}