{"id":485,"date":"2011-08-12T16:09:04","date_gmt":"2011-08-12T20:09:04","guid":{"rendered":"http:\/\/www.nationalcomponent.com\/press\/?p=485"},"modified":"2014-02-25T19:49:04","modified_gmt":"2014-02-25T19:49:04","slug":"journee-internationale-de-la-jeunesse","status":"publish","type":"post","link":"https:\/\/www.unesen.ca\/press\/?p=485&amp;lang=fr","title":{"rendered":"Journ\u00e9e internationale de la jeunesse"},"content":{"rendered":"<p><img loading=\"lazy\" class=\"alignnone size-full wp-image-486\" alt=\"Journ\u00e9e internationale de la jeunesse\" src=\"http:\/\/www.une-sen.org\/press\/wp-content\/uploads\/2012\/03\/youthday_fr.jpg\" width=\"541\" height=\"360\" srcset=\"https:\/\/www.unesen.ca\/press\/wp-content\/uploads\/2012\/03\/youthday_fr.jpg 541w, https:\/\/www.unesen.ca\/press\/wp-content\/uploads\/2012\/03\/youthday_fr-300x199.jpg 300w\" sizes=\"(max-width: 541px) 100vw, 541px\" \/><\/p>\n<p>Le th\u00e8me, cette ann\u00e9e, de la Journ\u00e9e internationale de la jeunesse est: \u00ab Change ton monde \u00bb. Les jeunes travailleuses et travailleurs qui ont particip\u00e9 au Congr\u00e8s triennal du Syndicat des employ\u00e9es et employ\u00e9s nationaux sont certainement sur cette voie; leur engagement envers l&#8217;\u00e9quit\u00e9 et la justice aide \u00e0 faire du monde un endroit o\u00f9 il fait mieux vivre.<\/p>\n<p>C\u00e9l\u00e9br\u00e9e chaque ann\u00e9e le 12 ao\u00fbt, depuis 2000, la Journ\u00e9e internationale de la jeunesse souligne la contribution des jeunes \u00e0 notre monde et vise \u00e0 promouvoir des fa\u00e7ons de les faire participer plus activement \u00e0 des actions positives dans leurs collectivit\u00e9s<\/p>\n<p>\u00ab Ne pas investir dans la jeunesse revient \u00e0 faire de fausses \u00e9conomies \u00bb, a d\u00e9clar\u00e9 M. Ban Ki-moon, Secr\u00e9taire g\u00e9n\u00e9ral des Nations Unies, dans un message soulignant la Journ\u00e9e internationale de la jeunesse de 2011.<\/p>\n<p>Le Syndicat des employ\u00e9es et employ\u00e9s nationaux a pris acte de ce message. Des d\u00e9l\u00e9gu\u00e9es et d\u00e9l\u00e9gu\u00e9s des jeunes de toutes les r\u00e9gions du pays ont assist\u00e9 au congr\u00e8s. Une r\u00e9solution relative aux jeunes a \u00e9t\u00e9 inscrite au programme du congr\u00e8s et adopt\u00e9e par une \u00e9crasante majorit\u00e9.<\/p>\n","protected":false},"excerpt":{"rendered":"<p>Le th\u00e8me, cette ann\u00e9e, de la Journ\u00e9e internationale de la jeunesse est: \u00ab Change ton monde \u00bb. Les jeunes travailleuses et travailleurs qui ont particip\u00e9 au Congr\u00e8s triennal du Syndicat des employ\u00e9es et employ\u00e9s nationaux sont certainement sur cette voie; leur engagement envers l&#8217;\u00e9quit\u00e9 et la justice aide \u00e0 faire du monde un endroit o\u00f9 &hellip; <\/p>\n<p class=\"link-more\"><a href=\"https:\/\/www.unesen.ca\/press\/?p=485&#038;lang=fr\" class=\"more-link\">>><span class=\"screen-reader-text\"> &#8220;Journ\u00e9e internationale de la jeunesse&#8221;<\/span><\/a><\/p>\n","protected":false},"author":3,"featured_media":0,"comment_status":"open","ping_status":"open","sticky":false,"template":"","format":"standard","meta":{"_links_to":"","_links_to_target":""},"categories":[],"tags":[],"_links":{"self":[{"href":"https:\/\/www.unesen.ca\/press\/index.php?rest_route=\/wp\/v2\/posts\/485"}],"collection":[{"href":"https:\/\/www.unesen.ca\/press\/index.php?rest_route=\/wp\/v2\/posts"}],"about":[{"href":"https:\/\/www.unesen.ca\/press\/index.php?rest_route=\/wp\/v2\/types\/post"}],"author":[{"embeddable":true,"href":"https:\/\/www.unesen.ca\/press\/index.php?rest_route=\/wp\/v2\/users\/3"}],"replies":[{"embeddable":true,"href":"https:\/\/www.unesen.ca\/press\/index.php?rest_route=%2Fwp%2Fv2%2Fcomments&post=485"}],"version-history":[{"count":1,"href":"https:\/\/www.unesen.ca\/press\/index.php?rest_route=\/wp\/v2\/posts\/485\/revisions"}],"predecessor-version":[{"id":3580,"href":"https:\/\/www.unesen.ca\/press\/index.php?rest_route=\/wp\/v2\/posts\/485\/revisions\/3580"}],"wp:attachment":[{"href":"https:\/\/www.unesen.ca\/press\/index.php?rest_route=%2Fwp%2Fv2%2Fmedia&parent=485"}],"wp:term":[{"taxonomy":"category","embeddable":true,"href":"https:\/\/www.unesen.ca\/press\/index.php?rest_route=%2Fwp%2Fv2%2Fcategories&post=485"},{"taxonomy":"post_tag","embeddable":true,"href":"https:\/\/www.unesen.ca\/press\/index.php?rest_route=%2Fwp%2Fv2%2Ftags&post=485"}],"curies":[{"name":"wp","href":"https:\/\/api.w.org\/{rel}","templated":true}]}}