{"id":469,"date":"2011-08-07T15:42:57","date_gmt":"2011-08-07T19:42:57","guid":{"rendered":"http:\/\/www.nationalcomponent.com\/press\/?p=469"},"modified":"2014-02-25T19:50:04","modified_gmt":"2014-02-25T19:50:04","slug":"journee-internationale-des-peuples-indigenes","status":"publish","type":"post","link":"https:\/\/www.unesen.ca\/press\/?p=469&amp;lang=fr","title":{"rendered":"Journ\u00e9e internationale des peuples indig\u00e8nes"},"content":{"rendered":"<figure id=\"attachment_470\" aria-describedby=\"caption-attachment-470\" style=\"width: 541px\" class=\"wp-caption alignnone\"><img loading=\"lazy\" class=\"size-full wp-image-470\" alt=\"Journ\u00e9e internationale des peuples indig\u00e8nes\" src=\"http:\/\/www.une-sen.org\/press\/wp-content\/uploads\/2012\/03\/Ind_Day_fr.jpg\" width=\"541\" height=\"360\" srcset=\"https:\/\/www.unesen.ca\/press\/wp-content\/uploads\/2012\/03\/Ind_Day_fr.jpg 541w, https:\/\/www.unesen.ca\/press\/wp-content\/uploads\/2012\/03\/Ind_Day_fr-300x199.jpg 300w\" sizes=\"(max-width: 541px) 100vw, 541px\" \/><figcaption id=\"caption-attachment-470\" class=\"wp-caption-text\">Photo: \u00a9 Gleison Miranda-FUNAI\/Survival International Publi\u00e9e avec la permission de Survival International<\/figcaption><\/figure>\n<p>Le 9 aout 2011 marque la onzi\u00e8me comm\u00e9moration de la Journ\u00e9e internationale des populations autochtones du monde. Cette ann\u00e9e, le th\u00e8me est conceptions autochtones: la c\u00e9l\u00e9bration des histoires et des cultures, l&#8217;\u00e9laboration de notre propre avenir.<\/p>\n<p>En concomitance avec cette journ\u00e9e, et le principe important d\u2019autod\u00e9termination, nous voulons apporter votre attention vers le mouvement pour les peuples indig\u00e8nes et vous encourager \u00e0 vous y joindre. Survival International travaille avec des centaines de peuples et organisations indig\u00e8nes \u00e0 travers le monde. Ils sont financ\u00e9s enti\u00e8rement par des membres du public et des fondations et refusent du financement de la part des gouvernements nationaux, puisqu\u2019ils sont les violateurs principaux des droits des peuples indig\u00e8nes.<\/p>\n<p>Conform\u00e9ment \u00e0 leur but d\u2019atteindre la reconnaissance et le respect des peuples indig\u00e8nes, ils travaillent \u00e0 prot\u00e9ger les terres des peuples sans contact avec le monde ext\u00e9rieur. L\u2019industrie du p\u00e9trole et l\u2019exploitation ill\u00e9gale des for\u00eats pourraient les exposer \u00e0 des maladies infectieuses et les \u00e9liminer. C\u2019est pour cette raison que les peuples sans contact avec le monde ext\u00e9rieur devraient \u00eatre laiss\u00e9s tranquilles et leurs terres devraient \u00eatre prot\u00e9g\u00e9es.<\/p>\n<p>Vous pouvez venir en aide en ayant au\u00a0<a href=\"http:\/\/une-sen.org\/Le%209%20aout%202011%20marque%20la%20onzi%C3%A8me%20comm%C3%A9moration%20de%20la%20Journ%C3%A9e%20internationale%20des%20populations%20autochtones%20du%20monde.%20Cette%20ann%C3%A9e,%20le%20th%C3%A8me%20est%20conceptions%20autochtones:%20la%20c%C3%A9l%C3%A9bration%20des%20histoires%20et%20des%20cultures,%20l'%C3%A9laboration%20de%20notre%20propre%20avenir.\">site web de Survival International<\/a> (ils ont un site en fran\u00e7ais). L\u00e0, vous pourrez \u00e9crire une lettre au Pr\u00e9sident Garcia du P\u00e9rou, \u00e0 la Pr\u00e9sidente Rousseff du Br\u00e9sil, et au Premier ministre Singh de l\u2019Inde leur demandant de prot\u00e9ger les peuples sans contact avec le monde ext\u00e9rieur. Vous pouvez \u00e9galement faire un don par l&#8217;entremise de leur site web.<\/p>\n<p>En l&#8217;honneur de la Journ\u00e9e internationale des peuples indig\u00e8nes, Survival International a assembl\u00e9\u00a0<a href=\"http:\/\/www.survivalfrance.org\/actu\/7566\">une liste de neuf v\u00e9rit\u00e9s indig\u00e8nes<\/a>.<\/p>\n","protected":false},"excerpt":{"rendered":"<p>Le 9 aout 2011 marque la onzi\u00e8me comm\u00e9moration de la Journ\u00e9e internationale des populations autochtones du monde. Cette ann\u00e9e, le th\u00e8me est conceptions autochtones: la c\u00e9l\u00e9bration des histoires et des cultures, l&#8217;\u00e9laboration de notre propre avenir. En concomitance avec cette journ\u00e9e, et le principe important d\u2019autod\u00e9termination, nous voulons apporter votre attention vers le mouvement pour &hellip; <\/p>\n<p class=\"link-more\"><a href=\"https:\/\/www.unesen.ca\/press\/?p=469&#038;lang=fr\" class=\"more-link\">>><span class=\"screen-reader-text\"> &#8220;Journ\u00e9e internationale des peuples indig\u00e8nes&#8221;<\/span><\/a><\/p>\n","protected":false},"author":3,"featured_media":0,"comment_status":"open","ping_status":"open","sticky":false,"template":"","format":"standard","meta":{"_links_to":"","_links_to_target":""},"categories":[],"tags":[],"_links":{"self":[{"href":"https:\/\/www.unesen.ca\/press\/index.php?rest_route=\/wp\/v2\/posts\/469"}],"collection":[{"href":"https:\/\/www.unesen.ca\/press\/index.php?rest_route=\/wp\/v2\/posts"}],"about":[{"href":"https:\/\/www.unesen.ca\/press\/index.php?rest_route=\/wp\/v2\/types\/post"}],"author":[{"embeddable":true,"href":"https:\/\/www.unesen.ca\/press\/index.php?rest_route=\/wp\/v2\/users\/3"}],"replies":[{"embeddable":true,"href":"https:\/\/www.unesen.ca\/press\/index.php?rest_route=%2Fwp%2Fv2%2Fcomments&post=469"}],"version-history":[{"count":1,"href":"https:\/\/www.unesen.ca\/press\/index.php?rest_route=\/wp\/v2\/posts\/469\/revisions"}],"predecessor-version":[{"id":3582,"href":"https:\/\/www.unesen.ca\/press\/index.php?rest_route=\/wp\/v2\/posts\/469\/revisions\/3582"}],"wp:attachment":[{"href":"https:\/\/www.unesen.ca\/press\/index.php?rest_route=%2Fwp%2Fv2%2Fmedia&parent=469"}],"wp:term":[{"taxonomy":"category","embeddable":true,"href":"https:\/\/www.unesen.ca\/press\/index.php?rest_route=%2Fwp%2Fv2%2Fcategories&post=469"},{"taxonomy":"post_tag","embeddable":true,"href":"https:\/\/www.unesen.ca\/press\/index.php?rest_route=%2Fwp%2Fv2%2Ftags&post=469"}],"curies":[{"name":"wp","href":"https:\/\/api.w.org\/{rel}","templated":true}]}}