{"id":454,"date":"2011-07-22T15:09:39","date_gmt":"2011-07-22T19:09:39","guid":{"rendered":"http:\/\/www.nationalcomponent.com\/press\/?p=454"},"modified":"2014-02-25T19:50:31","modified_gmt":"2014-02-25T19:50:31","slug":"classeurs-a-anneaux-virtuels-du-congres","status":"publish","type":"post","link":"https:\/\/www.unesen.ca\/press\/?p=454&amp;lang=fr","title":{"rendered":"Classeurs \u00e0 anneaux virtuels du congr\u00e8s"},"content":{"rendered":"<p><a href=\"http:\/\/www.une-sen.org\/press\/?attachment_id=456\" rel=\"attachment wp-att-456\"><img loading=\"lazy\" class=\"alignnone size-full wp-image-456\" alt=\"Classeurs \u00e0 anneaux virtuels du congr\u00e8s\" src=\"http:\/\/www.une-sen.org\/press\/wp-content\/uploads\/2012\/03\/conv_e_binders_f_w.jpg\" width=\"541\" height=\"360\" srcset=\"https:\/\/www.unesen.ca\/press\/wp-content\/uploads\/2012\/03\/conv_e_binders_f_w.jpg 541w, https:\/\/www.unesen.ca\/press\/wp-content\/uploads\/2012\/03\/conv_e_binders_f_w-300x199.jpg 300w\" sizes=\"(max-width: 541px) 100vw, 541px\" \/><\/a><\/p>\n<p>Le personnel de l\u2019\u00c9l\u00e9ment national travaille comme de petites abeilles afin de vous pr\u00e9senter le classeur \u00e0 anneau du congr\u00e8s le plus g\u00e9nial que vous n\u2019avez jamais vu! L\u2019atelier d\u2019imprimerie est plus occup\u00e9 que l\u2019atelier du p\u00e8re No\u00ebl, les mordus de politiques font une analyse des documents en recherche d\u2019une fuyante situation sans issue, et il se passe une bataille royale parmi les technophiles sur l\u2019emploi du Helvetica.<\/p>\n<p>Ceci dit, tu ne t&#8217;en es pas sorti! Ces classeurs sont gigantesques : par cons\u00e9quent, tu as beaucoup de lecture \u00e0 faire. C\u2019est une bonne id\u00e9e de feuilleter le document et de prendre quelques notes avant le congr\u00e8s.<\/p>\n<p>Ah oui! N\u2019imprimez pas ce document \u00e0 la maison!<\/p>\n<p>Raison 1 : Votre imprimante va conspirer contre toi \u2013 c\u2019est un document de plus de 800 pages! Raison 2 : Nous allons imprimer ces documents pour vous et nous les ferons transporter \u00e0 St.\u00a0John&#8217;s\u2026 De cette fa\u00e7on, vous n\u2019avez pas \u00e0 vous inqui\u00e9ter d\u2019empaler quelqu&#8217;un lorsque votre classeur tombera du porte-bagages de l\u2019avion.<\/p>\n<p>Amusez-vous!<\/p>\n<table border=\"0\" cellspacing=\"0\" cellpadding=\"3\">\n<tbody>\n<tr>\n<td valign=\"top\" width=\"18\"><a href=\"http:\/\/www.une-sen.org\/press\/?attachment_id=266\" rel=\"attachment wp-att-266\"><img loading=\"lazy\" class=\"alignnone size-full wp-image-266\" alt=\"pdf\" src=\"http:\/\/www.une-sen.org\/press\/wp-content\/uploads\/2012\/03\/pdf.gif\" width=\"18\" height=\"20\" \/><\/a><\/td>\n<td valign=\"top\" width=\"534\"><a href=\"events\/convent\/2011\/binders\/0-AGENDA_f.pdf\">Ordre du jour du congr\u00e8s<\/a> (Mise \u00e0 jour le 4 ao\u00fbt 2011)<\/td>\n<\/tr>\n<tr>\n<td valign=\"top\"><a href=\"http:\/\/www.une-sen.org\/press\/?attachment_id=266\" rel=\"attachment wp-att-266\"><img loading=\"lazy\" alt=\"pdf\" src=\"http:\/\/www.une-sen.org\/press\/wp-content\/uploads\/2012\/03\/pdf.gif\" width=\"18\" height=\"20\" \/><\/a><\/td>\n<td valign=\"top\"><a href=\"events\/convent\/2011\/binders\/1-INFO_f.pdf\">Informations en ce qui a trait au congr\u00e8s<\/a> (Mise \u00e0 jour le 4 ao\u00fbt 2011)<\/td>\n<\/tr>\n<tr>\n<td valign=\"top\"><a href=\"http:\/\/www.une-sen.org\/press\/?attachment_id=266\" rel=\"attachment wp-att-266\"><img loading=\"lazy\" alt=\"pdf\" src=\"http:\/\/www.une-sen.org\/press\/wp-content\/uploads\/2012\/03\/pdf.gif\" width=\"18\" height=\"20\" \/><\/a><\/td>\n<td valign=\"top\"><a href=\"\/events\/convent\/2011\/binders\/2-GOV-BL-COUR_f.pdf\">R\u00e8glements internes de l&#8217;\u00c9l\u00e9ment national<\/a><\/td>\n<\/tr>\n<tr>\n<td valign=\"top\"><a href=\"http:\/\/www.une-sen.org\/press\/?attachment_id=266\" rel=\"attachment wp-att-266\"><img loading=\"lazy\" alt=\"pdf\" src=\"http:\/\/www.une-sen.org\/press\/wp-content\/uploads\/2012\/03\/pdf.gif\" width=\"18\" height=\"20\" \/><\/a><\/td>\n<td valign=\"top\"><a href=\"\/events\/convent\/2011\/binders\/2-GOV-BL-PROP_f.pdf\">R\u00e8glements internes propos\u00e9s de l&#8217;\u00c9l\u00e9ment national<\/a><\/td>\n<\/tr>\n<tr>\n<td valign=\"top\"><a href=\"http:\/\/www.une-sen.org\/press\/?attachment_id=266\" rel=\"attachment wp-att-266\"><img loading=\"lazy\" alt=\"pdf\" src=\"http:\/\/www.une-sen.org\/press\/wp-content\/uploads\/2012\/03\/pdf.gif\" width=\"18\" height=\"20\" \/><\/a><\/td>\n<td valign=\"top\"><a href=\"\/events\/convent\/2011\/binders\/2-GOV-POL_f.pdf\">Politiques de l&#8217;\u00c9l\u00e9ment national<\/a><\/td>\n<\/tr>\n<tr>\n<td valign=\"top\"><a href=\"http:\/\/www.une-sen.org\/press\/?attachment_id=266\" rel=\"attachment wp-att-266\"><img loading=\"lazy\" alt=\"pdf\" src=\"http:\/\/www.une-sen.org\/press\/wp-content\/uploads\/2012\/03\/pdf.gif\" width=\"18\" height=\"20\" \/><\/a><\/td>\n<td valign=\"top\"><a href=\"\/events\/convent\/2011\/binders\/3-CS_f.pdf\">Rapport du Comit\u00e9 des statuts et r\u00e8glements<\/a> (Mise \u00e0 jour le 4 ao\u00fbt 2011)<\/td>\n<\/tr>\n<tr>\n<td valign=\"top\"><a href=\"http:\/\/www.une-sen.org\/press\/?attachment_id=266\" rel=\"attachment wp-att-266\"><img loading=\"lazy\" alt=\"pdf\" src=\"http:\/\/www.une-sen.org\/press\/wp-content\/uploads\/2012\/03\/pdf.gif\" width=\"18\" height=\"20\" \/><\/a><\/td>\n<td valign=\"top\"><a href=\"\/events\/convent\/2011\/binders\/4-FIN__f.pdf\">Rapport du Comit\u00e9 des Finances<\/a><\/td>\n<\/tr>\n<tr>\n<td valign=\"top\"><a href=\"http:\/\/www.une-sen.org\/press\/?attachment_id=266\" rel=\"attachment wp-att-266\"><img loading=\"lazy\" alt=\"pdf\" src=\"http:\/\/www.une-sen.org\/press\/wp-content\/uploads\/2012\/03\/pdf.gif\" width=\"18\" height=\"20\" \/><\/a><\/td>\n<td valign=\"top\"><a href=\"\/events\/convent\/2011\/binders\/4-FIN_DEF_f.pdf\">D\u00e9finitions des termes financiers (explication du budget)<\/a><\/td>\n<\/tr>\n<tr>\n<td valign=\"top\"><a href=\"http:\/\/www.une-sen.org\/press\/?attachment_id=266\" rel=\"attachment wp-att-266\"><img loading=\"lazy\" alt=\"pdf\" src=\"http:\/\/www.une-sen.org\/press\/wp-content\/uploads\/2012\/03\/pdf.gif\" width=\"18\" height=\"20\" \/><\/a><\/td>\n<td valign=\"top\"><a href=\"\/events\/convent\/2011\/binders\/4-FIN-STAT_f.pdf\">\u00c9tats financiers de l&#8217;\u00c9l\u00e9ment national<\/a><\/td>\n<\/tr>\n<tr>\n<td valign=\"top\" width=\"18\"><a href=\"http:\/\/www.une-sen.org\/press\/?attachment_id=266\" rel=\"attachment wp-att-266\"><img loading=\"lazy\" alt=\"pdf\" src=\"http:\/\/www.une-sen.org\/press\/wp-content\/uploads\/2012\/03\/pdf.gif\" width=\"18\" height=\"20\" \/><\/a><\/td>\n<td valign=\"top\" width=\"534\"><a href=\"\/events\/convent\/2011\/binders\/5-GEN_f.pdf\">Rapport du Comit\u00e9 des r\u00e9solutions g\u00e9n\u00e9rales<\/a> (Mise \u00e0 jour le 4 ao\u00fbt 2011)<\/td>\n<\/tr>\n<\/tbody>\n<\/table>\n","protected":false},"excerpt":{"rendered":"<p>Le personnel de l\u2019\u00c9l\u00e9ment national travaille comme de petites abeilles afin de vous pr\u00e9senter le classeur \u00e0 anneau du congr\u00e8s le plus g\u00e9nial que vous n\u2019avez jamais vu! L\u2019atelier d\u2019imprimerie est plus occup\u00e9 que l\u2019atelier du p\u00e8re No\u00ebl, les mordus de politiques font une analyse des documents en recherche d\u2019une fuyante situation sans issue, et &hellip; <\/p>\n<p class=\"link-more\"><a href=\"https:\/\/www.unesen.ca\/press\/?p=454&#038;lang=fr\" class=\"more-link\">>><span class=\"screen-reader-text\"> &#8220;Classeurs \u00e0 anneaux virtuels du congr\u00e8s&#8221;<\/span><\/a><\/p>\n","protected":false},"author":3,"featured_media":0,"comment_status":"open","ping_status":"open","sticky":false,"template":"","format":"standard","meta":{"_links_to":"","_links_to_target":""},"categories":[],"tags":[],"_links":{"self":[{"href":"https:\/\/www.unesen.ca\/press\/index.php?rest_route=\/wp\/v2\/posts\/454"}],"collection":[{"href":"https:\/\/www.unesen.ca\/press\/index.php?rest_route=\/wp\/v2\/posts"}],"about":[{"href":"https:\/\/www.unesen.ca\/press\/index.php?rest_route=\/wp\/v2\/types\/post"}],"author":[{"embeddable":true,"href":"https:\/\/www.unesen.ca\/press\/index.php?rest_route=\/wp\/v2\/users\/3"}],"replies":[{"embeddable":true,"href":"https:\/\/www.unesen.ca\/press\/index.php?rest_route=%2Fwp%2Fv2%2Fcomments&post=454"}],"version-history":[{"count":1,"href":"https:\/\/www.unesen.ca\/press\/index.php?rest_route=\/wp\/v2\/posts\/454\/revisions"}],"predecessor-version":[{"id":3583,"href":"https:\/\/www.unesen.ca\/press\/index.php?rest_route=\/wp\/v2\/posts\/454\/revisions\/3583"}],"wp:attachment":[{"href":"https:\/\/www.unesen.ca\/press\/index.php?rest_route=%2Fwp%2Fv2%2Fmedia&parent=454"}],"wp:term":[{"taxonomy":"category","embeddable":true,"href":"https:\/\/www.unesen.ca\/press\/index.php?rest_route=%2Fwp%2Fv2%2Fcategories&post=454"},{"taxonomy":"post_tag","embeddable":true,"href":"https:\/\/www.unesen.ca\/press\/index.php?rest_route=%2Fwp%2Fv2%2Ftags&post=454"}],"curies":[{"name":"wp","href":"https:\/\/api.w.org\/{rel}","templated":true}]}}