{"id":450,"date":"2011-07-12T14:47:09","date_gmt":"2011-07-12T18:47:09","guid":{"rendered":"http:\/\/www.nationalcomponent.com\/press\/?p=450"},"modified":"2014-02-25T19:50:59","modified_gmt":"2014-02-25T19:50:59","slug":"aujourdhui-dans-lhistoire-du-syndicalisme","status":"publish","type":"post","link":"https:\/\/www.unesen.ca\/press\/?p=450&amp;lang=fr","title":{"rendered":"Aujourd&#8217;hui dans l&#8217;histoire du syndicalisme"},"content":{"rendered":"<p><a href=\"http:\/\/www.une-sen.org\/press\/?attachment_id=451\" rel=\"attachment wp-att-451\"><img loading=\"lazy\" class=\"alignnone size-full wp-image-451\" alt=\"Aujourd'hui dans l'histoire du syndicalisme\" src=\"http:\/\/www.une-sen.org\/press\/wp-content\/uploads\/2012\/03\/frankenstein_f.jpg\" width=\"542\" height=\"361\" srcset=\"https:\/\/www.unesen.ca\/press\/wp-content\/uploads\/2012\/03\/frankenstein_f.jpg 542w, https:\/\/www.unesen.ca\/press\/wp-content\/uploads\/2012\/03\/frankenstein_f-300x199.jpg 300w\" sizes=\"(max-width: 542px) 100vw, 542px\" \/><\/a><\/p>\n<p>12 juillet 1933 \u2014 La Guilde des acteurs tient leur premi\u00e8re r\u00e9union. Parmi ceux et celles pr\u00e9sents, vedette de cin\u00e9ma futur (le monstre du Docteur Frankenstein) et militant syndical, Boris Karloff. (via nos amis et amies chez l&#8217;AFL-CIO et www.unionist.com)<\/p>\n","protected":false},"excerpt":{"rendered":"<p>12 juillet 1933 \u2014 La Guilde des acteurs tient leur premi\u00e8re r\u00e9union. Parmi ceux et celles pr\u00e9sents, vedette de cin\u00e9ma futur (le monstre du Docteur Frankenstein) et militant syndical, Boris Karloff. (via nos amis et amies chez l&#8217;AFL-CIO et www.unionist.com)<\/p>\n","protected":false},"author":3,"featured_media":0,"comment_status":"open","ping_status":"open","sticky":false,"template":"","format":"standard","meta":{"_links_to":"","_links_to_target":""},"categories":[],"tags":[],"_links":{"self":[{"href":"https:\/\/www.unesen.ca\/press\/index.php?rest_route=\/wp\/v2\/posts\/450"}],"collection":[{"href":"https:\/\/www.unesen.ca\/press\/index.php?rest_route=\/wp\/v2\/posts"}],"about":[{"href":"https:\/\/www.unesen.ca\/press\/index.php?rest_route=\/wp\/v2\/types\/post"}],"author":[{"embeddable":true,"href":"https:\/\/www.unesen.ca\/press\/index.php?rest_route=\/wp\/v2\/users\/3"}],"replies":[{"embeddable":true,"href":"https:\/\/www.unesen.ca\/press\/index.php?rest_route=%2Fwp%2Fv2%2Fcomments&post=450"}],"version-history":[{"count":1,"href":"https:\/\/www.unesen.ca\/press\/index.php?rest_route=\/wp\/v2\/posts\/450\/revisions"}],"predecessor-version":[{"id":3584,"href":"https:\/\/www.unesen.ca\/press\/index.php?rest_route=\/wp\/v2\/posts\/450\/revisions\/3584"}],"wp:attachment":[{"href":"https:\/\/www.unesen.ca\/press\/index.php?rest_route=%2Fwp%2Fv2%2Fmedia&parent=450"}],"wp:term":[{"taxonomy":"category","embeddable":true,"href":"https:\/\/www.unesen.ca\/press\/index.php?rest_route=%2Fwp%2Fv2%2Fcategories&post=450"},{"taxonomy":"post_tag","embeddable":true,"href":"https:\/\/www.unesen.ca\/press\/index.php?rest_route=%2Fwp%2Fv2%2Ftags&post=450"}],"curies":[{"name":"wp","href":"https:\/\/api.w.org\/{rel}","templated":true}]}}