{"id":434,"date":"2011-06-27T14:32:40","date_gmt":"2011-06-27T18:32:40","guid":{"rendered":"http:\/\/www.nationalcomponent.com\/press\/?p=434"},"modified":"2014-02-25T19:51:47","modified_gmt":"2014-02-25T19:51:47","slug":"sauvez-notre-centre-de-sauvetage","status":"publish","type":"post","link":"https:\/\/www.unesen.ca\/press\/?p=434&amp;lang=fr","title":{"rendered":"Sauvez notre centre de sauvetage!"},"content":{"rendered":"<p><a href=\"http:\/\/www.une-sen.org\/press\/?attachment_id=435\" rel=\"attachment wp-att-435\"><img loading=\"lazy\" class=\"alignnone size-full wp-image-435\" alt=\"Sauvez notre centre de sauvetage!\" src=\"http:\/\/www.une-sen.org\/press\/wp-content\/uploads\/2012\/03\/rescue_f.jpg\" width=\"541\" height=\"360\" srcset=\"https:\/\/www.unesen.ca\/press\/wp-content\/uploads\/2012\/03\/rescue_f.jpg 541w, https:\/\/www.unesen.ca\/press\/wp-content\/uploads\/2012\/03\/rescue_f-300x199.jpg 300w\" sizes=\"(max-width: 541px) 100vw, 541px\" \/><\/a><\/p>\n<p>Le 27 juin 2011 \u2013 Les membres de l\u2019AFPC qui \u00e9taient r\u00e9unis au Congr\u00e8s r\u00e9gional de la r\u00e9gion de l\u2019Atlantique de l\u2019AFPC, dont des membres de l\u2019\u00c9l\u00e9ment national, ont pris part \u00e0 un rassemblement \u00e0 St. John\u2019s dans l\u2019effort de sauver le Centre de sauvetage maritime de Terre-Neuve-et-Labrador. Une foule de plus de deux mille individus se sont r\u00e9unis pour d\u00e9montrer leur appui.<\/p>\n<p>Yvonne Jones, chef provinciale du Parti lib\u00e9ral, a dit\u00a0: \u00ab\u00a0Nous comptons sur le centre de recherche et de sauvetage chaque jour pour sauver nos proches lors de moments de d\u00e9tresse [\u2026] Nous demandons \u00e0 Stephen Harper de ne pas mettre un prix sur les vies des Terre-Neuviennes et Terre-Neuviens, et des Labradoriennes et Labradoriens.\u00a0\u00bb<\/p>\n<p>Le centre de sauvetage a \u00e9t\u00e9 condamn\u00e9 \u00e0 la fermeture d\u2019ici juin 2012.<\/p>\n<p>Lors de son discours \u00e0 la foule, Jeannie Baldwin, VPER de la r\u00e9gion de l\u2019Atlantique pour l\u2019AFPC, a qualifi\u00e9 la d\u00e9cision des conservateurs de \u00ab\u00a0rien de moins que t\u00e9m\u00e9raire\u00a0\u00bb. Elle a ajout\u00e9\u00a0: \u00ab\u00a0Nous savons que le nord-atlantique peut \u00eatre sans piti\u00e9, dangereux et mortel. Et Stephen Harper est en train de mettre la vie d&#8217;hommes et de femmes en jeu. Il ignore la volont\u00e9 du public, le bien-\u00eatre du public et la s\u00e9curit\u00e9 du public. Il y a 350 membres de l\u2019AFPC ici aujourd\u2019hui pour appuyer les Terre-Neuviennes et Terre-Neuviens et les Labradoriennes et Labradoriens qui affrontent le danger de ces eaux tous les jours. \u00c0 la fin de la journ\u00e9e, ils m\u00e9ritent de revenir sains et saufs \u00e0 leurs familles.\u00a0\u00bb<\/p>\n<table width=\"530\" border=\"0\" cellspacing=\"0\" cellpadding=\"0\">\n<tbody>\n<tr>\n<td width=\"51\"><a href=\"http:\/\/www.flickr.com\/photos\/element_national_component\/sets\/72157626953743995\/\"><img loading=\"lazy\" class=\"alignnone size-full wp-image-344\" alt=\"\" src=\"http:\/\/www.une-sen.org\/press\/wp-content\/uploads\/2012\/03\/flickr1-e1331765470994.png\" width=\"39\" height=\"39\" \/><\/a><\/td>\n<td width=\"479\">Il y a plusieurs photos du rassemblement! Veuillez consulter\u00a0<a href=\"http:\/\/www.flickr.com\/photos\/element_national_component\/sets\/72157626953743995\/\">le site Flickr de l&#8217;\u00c9l\u00e9ment national<\/a>!<\/td>\n<\/tr>\n<\/tbody>\n<\/table>\n","protected":false},"excerpt":{"rendered":"<p>Le 27 juin 2011 \u2013 Les membres de l\u2019AFPC qui \u00e9taient r\u00e9unis au Congr\u00e8s r\u00e9gional de la r\u00e9gion de l\u2019Atlantique de l\u2019AFPC, dont des membres de l\u2019\u00c9l\u00e9ment national, ont pris part \u00e0 un rassemblement \u00e0 St. John\u2019s dans l\u2019effort de sauver le Centre de sauvetage maritime de Terre-Neuve-et-Labrador. Une foule de plus de deux mille &hellip; <\/p>\n<p class=\"link-more\"><a href=\"https:\/\/www.unesen.ca\/press\/?p=434&#038;lang=fr\" class=\"more-link\">>><span class=\"screen-reader-text\"> &#8220;Sauvez notre centre de sauvetage!&#8221;<\/span><\/a><\/p>\n","protected":false},"author":3,"featured_media":0,"comment_status":"open","ping_status":"open","sticky":false,"template":"","format":"standard","meta":{"_links_to":"","_links_to_target":""},"categories":[],"tags":[],"_links":{"self":[{"href":"https:\/\/www.unesen.ca\/press\/index.php?rest_route=\/wp\/v2\/posts\/434"}],"collection":[{"href":"https:\/\/www.unesen.ca\/press\/index.php?rest_route=\/wp\/v2\/posts"}],"about":[{"href":"https:\/\/www.unesen.ca\/press\/index.php?rest_route=\/wp\/v2\/types\/post"}],"author":[{"embeddable":true,"href":"https:\/\/www.unesen.ca\/press\/index.php?rest_route=\/wp\/v2\/users\/3"}],"replies":[{"embeddable":true,"href":"https:\/\/www.unesen.ca\/press\/index.php?rest_route=%2Fwp%2Fv2%2Fcomments&post=434"}],"version-history":[{"count":1,"href":"https:\/\/www.unesen.ca\/press\/index.php?rest_route=\/wp\/v2\/posts\/434\/revisions"}],"predecessor-version":[{"id":3586,"href":"https:\/\/www.unesen.ca\/press\/index.php?rest_route=\/wp\/v2\/posts\/434\/revisions\/3586"}],"wp:attachment":[{"href":"https:\/\/www.unesen.ca\/press\/index.php?rest_route=%2Fwp%2Fv2%2Fmedia&parent=434"}],"wp:term":[{"taxonomy":"category","embeddable":true,"href":"https:\/\/www.unesen.ca\/press\/index.php?rest_route=%2Fwp%2Fv2%2Fcategories&post=434"},{"taxonomy":"post_tag","embeddable":true,"href":"https:\/\/www.unesen.ca\/press\/index.php?rest_route=%2Fwp%2Fv2%2Ftags&post=434"}],"curies":[{"name":"wp","href":"https:\/\/api.w.org\/{rel}","templated":true}]}}