{"id":424,"date":"2011-06-23T14:25:54","date_gmt":"2011-06-23T18:25:54","guid":{"rendered":"http:\/\/www.nationalcomponent.com\/press\/?p=424"},"modified":"2014-02-25T19:52:15","modified_gmt":"2014-02-25T19:52:15","slug":"journee-canadienne-du-multiculturalisme","status":"publish","type":"post","link":"https:\/\/www.unesen.ca\/press\/?p=424&amp;lang=fr","title":{"rendered":"Journ\u00e9e canadienne du multiculturalisme"},"content":{"rendered":"<p><a href=\"http:\/\/www.une-sen.org\/press\/?attachment_id=425\" rel=\"attachment wp-att-425\"><img loading=\"lazy\" class=\"alignnone size-full wp-image-425\" alt=\"Journ\u00e9e canadienne du multiculturalisme\" src=\"http:\/\/www.une-sen.org\/press\/wp-content\/uploads\/2012\/03\/multi-day_f.jpg\" width=\"541\" height=\"360\" srcset=\"https:\/\/www.unesen.ca\/press\/wp-content\/uploads\/2012\/03\/multi-day_f.jpg 541w, https:\/\/www.unesen.ca\/press\/wp-content\/uploads\/2012\/03\/multi-day_f-300x199.jpg 300w\" sizes=\"(max-width: 541px) 100vw, 541px\" \/><\/a><\/p>\n<p>La Journ\u00e9e canadienne du multiculturalisme a \u00e9t\u00e9 \u00e9tablie par Proclamation officielle en 2002. Elle reconnait que notre pays a \u00e9t\u00e9 fa\u00e7onn\u00e9 par les contributions des Canadiennes et Canadiens appartenant \u00e0 plusieurs groupes et communaut\u00e9s multiculturels. La Proclamation se lit, en partie, comme suit\u00a0:<\/p>\n<blockquote><p><em>Attendu que le multiculturalisme est un \u00e9l\u00e9ment fondamental du patrimoine canadien;<\/em><\/p>\n<p>Attendu que les Canadiens et les Canadiennes de toutes les origines ont apport\u00e9 et continuent d&#8217;apporter de pr\u00e9cieuses contributions \u00e0 la soci\u00e9t\u00e9 canadienne;<\/p>\n<p>Attendu qu\u2019il est jug\u00e9 appropri\u00e9 que, chaque ann\u00e9e, une journ\u00e9e marque la c\u00e9l\u00e9bration de ces contributions et la reconnaissance de la diversit\u00e9 canadienne; [\u2026]<\/p>\n<p>Sachez que, sur et avec l\u2019avis de Notre Conseil priv\u00e9 pour le Canada, Nous, par Notre pr\u00e9sente proclamation, d\u00e9signons le 27 juin de chaque ann\u00e9e comme \u00ab Journ\u00e9e canadienne du multiculturalisme \u00bb, une c\u00e9l\u00e9bration des contributions des diverses populations du Canada \u00e0 la soci\u00e9t\u00e9 canadienne.<\/p><\/blockquote>\n<p>Prenez un moment aujourd&#8217;hui pour c\u00e9l\u00e9brer notre riche tissu social; la diversit\u00e9, aussi bien dans notre pays qu\u2019en notre syndicat, nous rend plus fort.<\/p>\n","protected":false},"excerpt":{"rendered":"<p>La Journ\u00e9e canadienne du multiculturalisme a \u00e9t\u00e9 \u00e9tablie par Proclamation officielle en 2002. Elle reconnait que notre pays a \u00e9t\u00e9 fa\u00e7onn\u00e9 par les contributions des Canadiennes et Canadiens appartenant \u00e0 plusieurs groupes et communaut\u00e9s multiculturels. La Proclamation se lit, en partie, comme suit\u00a0: Attendu que le multiculturalisme est un \u00e9l\u00e9ment fondamental du patrimoine canadien; Attendu &hellip; <\/p>\n<p class=\"link-more\"><a href=\"https:\/\/www.unesen.ca\/press\/?p=424&#038;lang=fr\" class=\"more-link\">>><span class=\"screen-reader-text\"> &#8220;Journ\u00e9e canadienne du multiculturalisme&#8221;<\/span><\/a><\/p>\n","protected":false},"author":3,"featured_media":0,"comment_status":"open","ping_status":"open","sticky":false,"template":"","format":"standard","meta":{"_links_to":"","_links_to_target":""},"categories":[],"tags":[],"_links":{"self":[{"href":"https:\/\/www.unesen.ca\/press\/index.php?rest_route=\/wp\/v2\/posts\/424"}],"collection":[{"href":"https:\/\/www.unesen.ca\/press\/index.php?rest_route=\/wp\/v2\/posts"}],"about":[{"href":"https:\/\/www.unesen.ca\/press\/index.php?rest_route=\/wp\/v2\/types\/post"}],"author":[{"embeddable":true,"href":"https:\/\/www.unesen.ca\/press\/index.php?rest_route=\/wp\/v2\/users\/3"}],"replies":[{"embeddable":true,"href":"https:\/\/www.unesen.ca\/press\/index.php?rest_route=%2Fwp%2Fv2%2Fcomments&post=424"}],"version-history":[{"count":1,"href":"https:\/\/www.unesen.ca\/press\/index.php?rest_route=\/wp\/v2\/posts\/424\/revisions"}],"predecessor-version":[{"id":3587,"href":"https:\/\/www.unesen.ca\/press\/index.php?rest_route=\/wp\/v2\/posts\/424\/revisions\/3587"}],"wp:attachment":[{"href":"https:\/\/www.unesen.ca\/press\/index.php?rest_route=%2Fwp%2Fv2%2Fmedia&parent=424"}],"wp:term":[{"taxonomy":"category","embeddable":true,"href":"https:\/\/www.unesen.ca\/press\/index.php?rest_route=%2Fwp%2Fv2%2Fcategories&post=424"},{"taxonomy":"post_tag","embeddable":true,"href":"https:\/\/www.unesen.ca\/press\/index.php?rest_route=%2Fwp%2Fv2%2Ftags&post=424"}],"curies":[{"name":"wp","href":"https:\/\/api.w.org\/{rel}","templated":true}]}}