{"id":407,"date":"2011-06-18T14:10:07","date_gmt":"2011-06-18T18:10:07","guid":{"rendered":"http:\/\/www.nationalcomponent.com\/press\/?p=407"},"modified":"2014-02-25T19:53:10","modified_gmt":"2014-02-25T19:53:10","slug":"journee-nationale-des-autochtones","status":"publish","type":"post","link":"https:\/\/www.unesen.ca\/press\/?p=407&amp;lang=fr","title":{"rendered":"Journ\u00e9e nationale des Autochtones"},"content":{"rendered":"<p><a href=\"http:\/\/www.une-sen.org\/press\/?attachment_id=409\" rel=\"attachment wp-att-409\"><img loading=\"lazy\" class=\"alignnone size-full wp-image-409\" alt=\"Journ\u00e9e nationale des Autochtones\" src=\"http:\/\/www.une-sen.org\/press\/wp-content\/uploads\/2012\/03\/NAD_f.jpg\" width=\"541\" height=\"360\" srcset=\"https:\/\/www.unesen.ca\/press\/wp-content\/uploads\/2012\/03\/NAD_f.jpg 541w, https:\/\/www.unesen.ca\/press\/wp-content\/uploads\/2012\/03\/NAD_f-300x199.jpg 300w\" sizes=\"(max-width: 541px) 100vw, 541px\" \/><\/a><\/p>\n<p>Cette Journ\u00e9e nationale des Autochtones, c\u00e9l\u00e9brez l\u2019importante contribution qu\u2019ont apport\u00e9e les peuples autochtones \u00e0 la soci\u00e9t\u00e9 canadienne!<\/p>\n<p>Tir\u00e9 du d\u00e9partement des Affaires autochtones et D\u00e9veloppement du Nord Canada\u00a0:<\/p>\n<blockquote><p><em>De concert avec les organisations nationales autochtones, le gouvernement du Canada a convenu que la date id\u00e9ale pour c\u00e9l\u00e9brer cette f\u00eate est le 21 juin, car c\u2019est le solstice d\u2019\u00e9t\u00e9, soit la plus longue journ\u00e9e de l\u2019ann\u00e9e. Depuis des g\u00e9n\u00e9rations, de nombreux groupes autochtones c\u00e9l\u00e8brent leur culture et leur h\u00e9ritage \u00e0 cette date ou aux encirons de celle-ci. Aujourd\u2019hui, le Canada est fier de consacrer une journ\u00e9e de r\u00e9jouissance pour reconnaitre les r\u00e9alisations uniques des peuples autochtones dans des domaines aussi vari\u00e9es que l\u2019agriculture, l\u2019environnement, les arts et le d\u00e9veloppement d\u2019un pays.<\/em><\/p><\/blockquote>\n<p>La Journ\u00e9e nationale des Autochtones donne le coup d\u2019envoi \u00e0 \u00a0une s\u00e9rie de 11 jours de c\u00e9l\u00e9bration de la culture et de l\u2019h\u00e9ritage canadien\u00a0: Journ\u00e9e nationale des Autochtones (le 21 juin), la Saint-Jean-Baptiste (le 24 juin), la Journ\u00e9e canadienne du multiculturalisme (le 27 juin) et la f\u00eate du Canada (le 1 juillet).<\/p>\n","protected":false},"excerpt":{"rendered":"<p>Cette Journ\u00e9e nationale des Autochtones, c\u00e9l\u00e9brez l\u2019importante contribution qu\u2019ont apport\u00e9e les peuples autochtones \u00e0 la soci\u00e9t\u00e9 canadienne! Tir\u00e9 du d\u00e9partement des Affaires autochtones et D\u00e9veloppement du Nord Canada\u00a0: De concert avec les organisations nationales autochtones, le gouvernement du Canada a convenu que la date id\u00e9ale pour c\u00e9l\u00e9brer cette f\u00eate est le 21 juin, car c\u2019est &hellip; <\/p>\n<p class=\"link-more\"><a href=\"https:\/\/www.unesen.ca\/press\/?p=407&#038;lang=fr\" class=\"more-link\">>><span class=\"screen-reader-text\"> &#8220;Journ\u00e9e nationale des Autochtones&#8221;<\/span><\/a><\/p>\n","protected":false},"author":3,"featured_media":0,"comment_status":"open","ping_status":"open","sticky":false,"template":"","format":"standard","meta":{"_links_to":"","_links_to_target":""},"categories":[],"tags":[],"_links":{"self":[{"href":"https:\/\/www.unesen.ca\/press\/index.php?rest_route=\/wp\/v2\/posts\/407"}],"collection":[{"href":"https:\/\/www.unesen.ca\/press\/index.php?rest_route=\/wp\/v2\/posts"}],"about":[{"href":"https:\/\/www.unesen.ca\/press\/index.php?rest_route=\/wp\/v2\/types\/post"}],"author":[{"embeddable":true,"href":"https:\/\/www.unesen.ca\/press\/index.php?rest_route=\/wp\/v2\/users\/3"}],"replies":[{"embeddable":true,"href":"https:\/\/www.unesen.ca\/press\/index.php?rest_route=%2Fwp%2Fv2%2Fcomments&post=407"}],"version-history":[{"count":1,"href":"https:\/\/www.unesen.ca\/press\/index.php?rest_route=\/wp\/v2\/posts\/407\/revisions"}],"predecessor-version":[{"id":3589,"href":"https:\/\/www.unesen.ca\/press\/index.php?rest_route=\/wp\/v2\/posts\/407\/revisions\/3589"}],"wp:attachment":[{"href":"https:\/\/www.unesen.ca\/press\/index.php?rest_route=%2Fwp%2Fv2%2Fmedia&parent=407"}],"wp:term":[{"taxonomy":"category","embeddable":true,"href":"https:\/\/www.unesen.ca\/press\/index.php?rest_route=%2Fwp%2Fv2%2Fcategories&post=407"},{"taxonomy":"post_tag","embeddable":true,"href":"https:\/\/www.unesen.ca\/press\/index.php?rest_route=%2Fwp%2Fv2%2Ftags&post=407"}],"curies":[{"name":"wp","href":"https:\/\/api.w.org\/{rel}","templated":true}]}}