{"id":399,"date":"2011-06-16T13:54:30","date_gmt":"2011-06-16T17:54:30","guid":{"rendered":"http:\/\/www.nationalcomponent.com\/press\/?p=399"},"modified":"2014-02-25T19:53:31","modified_gmt":"2014-02-25T19:53:31","slug":"deux-rassemblements-un-syndicat","status":"publish","type":"post","link":"https:\/\/www.unesen.ca\/press\/?p=399&amp;lang=fr","title":{"rendered":"Deux rassemblements &#8211; Un syndicat"},"content":{"rendered":"<p><a href=\"http:\/\/www.une-sen.org\/press\/?attachment_id=400\" rel=\"attachment wp-att-400\"><img loading=\"lazy\" class=\"alignnone size-full wp-image-400\" alt=\"Deux rassemblements - Un syndicat\" src=\"http:\/\/www.une-sen.org\/press\/wp-content\/uploads\/2012\/03\/twobirds_FR.jpg\" width=\"541\" height=\"360\" srcset=\"https:\/\/www.unesen.ca\/press\/wp-content\/uploads\/2012\/03\/twobirds_FR.jpg 541w, https:\/\/www.unesen.ca\/press\/wp-content\/uploads\/2012\/03\/twobirds_FR-300x199.jpg 300w\" sizes=\"(max-width: 541px) 100vw, 541px\" \/><\/a><\/p>\n<p>Le 16 juin 2011 \u2013 Des membres de l\u2019\u00c9l\u00e9ment national, ainsi que d\u2019autres membres de l\u2019AFPC, se sont joints aux membres du syndicat des TCA pour appuyer leur gr\u00e8ve. Ils et elles \u00e9taient r\u00e9jouis de nous voir \u2013 ensemble, nous avons march\u00e9 dans la gare et nous avons cri\u00e9 \u00ab\u00a0Honte, honte, honte!\u00a0\u00bb vers les briseuses et briseurs de gr\u00e8ve au comptoir d\u2019Air Canada. Pendant que nous faisions du bruit dans l\u2019a\u00e9roport d\u2019Ottawa, nous avons re\u00e7u, le message qu&#8217;une entente de principe avait \u00e9t\u00e9 conclut. Des cris d&#8217;acclamation sont sortis de tout c\u00f4t\u00e9. Nous avons imm\u00e9diatement remont\u00e9 dans l\u2019autobus (nous avons m\u00eame amen\u00e9 quelques membres du syndicat des TCA avec nous!) et rejoint les membres du STTP dans l\u2019espoir que nous pourrions les aider \u00e0 accomplir la m\u00eame chose!<\/p>\n<p>Les membres du STTP qui \u00e9taient enferm\u00e9s dehors de l\u2019installation de tri du courrier d\u2019Ottawa \u00e9taient surpris et ravis de voir notre autobus de solidarit\u00e9 arriver. Un membre du STTP a \u00e9t\u00e9 entendu dire \u00ab\u00a0Vous avez fait venir les gros canons!\u00a0\u00bb<\/p>\n<p>Des syndicats qui sont solidaires ensemble\u00a0: voil\u00e0 de vrais gros canons!<\/p>\n<table width=\"530\" border=\"0\" cellspacing=\"0\" cellpadding=\"0\">\n<tbody>\n<tr>\n<td width=\"51\"><a href=\"http:\/\/www.flickr.com\/photos\/element_national_component\/sets\/72157626978663744\/\"><img loading=\"lazy\" class=\"alignnone size-full wp-image-344\" alt=\"\" src=\"http:\/\/www.une-sen.org\/press\/wp-content\/uploads\/2012\/03\/flickr1-e1331765470994.png\" width=\"39\" height=\"39\" \/><\/a><\/td>\n<td width=\"479\">Il y a plusieurs photos du rassemblement! Veuillez consulter\u00a0<a href=\"http:\/\/www.flickr.com\/photos\/element_national_component\/sets\/72157626978663744\/\">le site Flickr de l&#8217;\u00c9l\u00e9ment national<\/a>!<\/td>\n<\/tr>\n<\/tbody>\n<\/table>\n","protected":false},"excerpt":{"rendered":"<p>Le 16 juin 2011 \u2013 Des membres de l\u2019\u00c9l\u00e9ment national, ainsi que d\u2019autres membres de l\u2019AFPC, se sont joints aux membres du syndicat des TCA pour appuyer leur gr\u00e8ve. Ils et elles \u00e9taient r\u00e9jouis de nous voir \u2013 ensemble, nous avons march\u00e9 dans la gare et nous avons cri\u00e9 \u00ab\u00a0Honte, honte, honte!\u00a0\u00bb vers les briseuses &hellip; <\/p>\n<p class=\"link-more\"><a href=\"https:\/\/www.unesen.ca\/press\/?p=399&#038;lang=fr\" class=\"more-link\">>><span class=\"screen-reader-text\"> &#8220;Deux rassemblements &#8211; Un syndicat&#8221;<\/span><\/a><\/p>\n","protected":false},"author":3,"featured_media":0,"comment_status":"open","ping_status":"open","sticky":false,"template":"","format":"standard","meta":{"_links_to":"","_links_to_target":""},"categories":[],"tags":[],"_links":{"self":[{"href":"https:\/\/www.unesen.ca\/press\/index.php?rest_route=\/wp\/v2\/posts\/399"}],"collection":[{"href":"https:\/\/www.unesen.ca\/press\/index.php?rest_route=\/wp\/v2\/posts"}],"about":[{"href":"https:\/\/www.unesen.ca\/press\/index.php?rest_route=\/wp\/v2\/types\/post"}],"author":[{"embeddable":true,"href":"https:\/\/www.unesen.ca\/press\/index.php?rest_route=\/wp\/v2\/users\/3"}],"replies":[{"embeddable":true,"href":"https:\/\/www.unesen.ca\/press\/index.php?rest_route=%2Fwp%2Fv2%2Fcomments&post=399"}],"version-history":[{"count":1,"href":"https:\/\/www.unesen.ca\/press\/index.php?rest_route=\/wp\/v2\/posts\/399\/revisions"}],"predecessor-version":[{"id":3590,"href":"https:\/\/www.unesen.ca\/press\/index.php?rest_route=\/wp\/v2\/posts\/399\/revisions\/3590"}],"wp:attachment":[{"href":"https:\/\/www.unesen.ca\/press\/index.php?rest_route=%2Fwp%2Fv2%2Fmedia&parent=399"}],"wp:term":[{"taxonomy":"category","embeddable":true,"href":"https:\/\/www.unesen.ca\/press\/index.php?rest_route=%2Fwp%2Fv2%2Fcategories&post=399"},{"taxonomy":"post_tag","embeddable":true,"href":"https:\/\/www.unesen.ca\/press\/index.php?rest_route=%2Fwp%2Fv2%2Ftags&post=399"}],"curies":[{"name":"wp","href":"https:\/\/api.w.org\/{rel}","templated":true}]}}