{"id":388,"date":"2011-06-15T13:45:38","date_gmt":"2011-06-15T17:45:38","guid":{"rendered":"http:\/\/www.nationalcomponent.com\/press\/?p=388"},"modified":"2014-02-25T19:54:13","modified_gmt":"2014-02-25T19:54:13","slug":"lattaque-aux-arts-on-en-a-marre","status":"publish","type":"post","link":"https:\/\/www.unesen.ca\/press\/?p=388&amp;lang=fr","title":{"rendered":"L\u2019attaque aux arts, on en a marre!"},"content":{"rendered":"<p><a href=\"http:\/\/www.une-sen.org\/press\/?attachment_id=389\" rel=\"attachment wp-att-389\"><img loading=\"lazy\" class=\"alignnone size-full wp-image-389\" alt=\"L\u2019attaque aux arts, on en a marre!\" src=\"http:\/\/www.une-sen.org\/press\/wp-content\/uploads\/2012\/03\/NCG_fr.jpg\" width=\"541\" height=\"360\" srcset=\"https:\/\/www.unesen.ca\/press\/wp-content\/uploads\/2012\/03\/NCG_fr.jpg 541w, https:\/\/www.unesen.ca\/press\/wp-content\/uploads\/2012\/03\/NCG_fr-300x199.jpg 300w\" sizes=\"(max-width: 541px) 100vw, 541px\" \/><\/a><\/p>\n<p>Le 15 juin 2011 \u2013 Les membres de l\u2019\u00c9l\u00e9ment national qui travaillent pour la Galerie nationale des arts sont sortis pour manifester leur appui \u00e0 leur \u00e9quipe de n\u00e9gociation. La section locale 70397 est en n\u00e9gociations depuis l\u2019an pass\u00e9 \u2013 jusqu\u2019\u00e0 maintenant, l\u2019employeur exige toujours des concessions salariales.\u00a0Ce gouvernement a une habitude de couper le financement des arts. C\u2019est clair qu\u2019ils ne sont pas des amis des arts. L\u2019\u00c9l\u00e9ment national appui ses membres dans le secteur des arts et de la culture. Nous allons continuer de d\u00e9fendre leurs int\u00e9r\u00eats.<\/p>\n<p>Prenez un moment et\u00a0<a href=\"http:\/\/www.parl.gc.ca\/Parlinfo\/Compilations\/HouseOfCommons\/MemberByPostalCode.aspx?Menu=HOC&amp;Language=F\">\u00e9crivez \u00e0 votre d\u00e9put\u00e9e ou d\u00e9put\u00e9 \u00e0 la Chambre des communes<\/a>. Dans votre message, indiquez que les\u00a0arts et la culture sont importants pour vous, et que vous ne tol\u00e9rerez pas un acc\u00e8s r\u00e9duit \u00e0 la culture canadienne.<\/p>\n<table width=\"530\" border=\"0\" cellspacing=\"0\" cellpadding=\"0\">\n<tbody>\n<tr>\n<td width=\"51\"><a href=\"http:\/\/www.une-sen.org\/press\/?attachment_id=344\" rel=\"attachment wp-att-344\"><img loading=\"lazy\" class=\"alignnone size-full wp-image-344\" alt=\"\" src=\"http:\/\/www.une-sen.org\/press\/wp-content\/uploads\/2012\/03\/flickr1-e1331765470994.png\" width=\"39\" height=\"39\" \/><\/a><\/td>\n<td width=\"479\">Il y a plusieurs photos du rassemblement! Veuillez consulter\u00a0<a href=\"http:\/\/www.flickr.com\/photos\/element_national_component\/sets\/72157626977731926\/\">le site Flickr de l&#8217;\u00c9l\u00e9ment national<\/a>!<\/td>\n<\/tr>\n<\/tbody>\n<\/table>\n","protected":false},"excerpt":{"rendered":"<p>Le 15 juin 2011 \u2013 Les membres de l\u2019\u00c9l\u00e9ment national qui travaillent pour la Galerie nationale des arts sont sortis pour manifester leur appui \u00e0 leur \u00e9quipe de n\u00e9gociation. La section locale 70397 est en n\u00e9gociations depuis l\u2019an pass\u00e9 \u2013 jusqu\u2019\u00e0 maintenant, l\u2019employeur exige toujours des concessions salariales.\u00a0Ce gouvernement a une habitude de couper le &hellip; <\/p>\n<p class=\"link-more\"><a href=\"https:\/\/www.unesen.ca\/press\/?p=388&#038;lang=fr\" class=\"more-link\">>><span class=\"screen-reader-text\"> &#8220;L\u2019attaque aux arts, on en a marre!&#8221;<\/span><\/a><\/p>\n","protected":false},"author":3,"featured_media":0,"comment_status":"open","ping_status":"open","sticky":false,"template":"","format":"standard","meta":{"_links_to":"","_links_to_target":""},"categories":[],"tags":[],"_links":{"self":[{"href":"https:\/\/www.unesen.ca\/press\/index.php?rest_route=\/wp\/v2\/posts\/388"}],"collection":[{"href":"https:\/\/www.unesen.ca\/press\/index.php?rest_route=\/wp\/v2\/posts"}],"about":[{"href":"https:\/\/www.unesen.ca\/press\/index.php?rest_route=\/wp\/v2\/types\/post"}],"author":[{"embeddable":true,"href":"https:\/\/www.unesen.ca\/press\/index.php?rest_route=\/wp\/v2\/users\/3"}],"replies":[{"embeddable":true,"href":"https:\/\/www.unesen.ca\/press\/index.php?rest_route=%2Fwp%2Fv2%2Fcomments&post=388"}],"version-history":[{"count":1,"href":"https:\/\/www.unesen.ca\/press\/index.php?rest_route=\/wp\/v2\/posts\/388\/revisions"}],"predecessor-version":[{"id":3591,"href":"https:\/\/www.unesen.ca\/press\/index.php?rest_route=\/wp\/v2\/posts\/388\/revisions\/3591"}],"wp:attachment":[{"href":"https:\/\/www.unesen.ca\/press\/index.php?rest_route=%2Fwp%2Fv2%2Fmedia&parent=388"}],"wp:term":[{"taxonomy":"category","embeddable":true,"href":"https:\/\/www.unesen.ca\/press\/index.php?rest_route=%2Fwp%2Fv2%2Fcategories&post=388"},{"taxonomy":"post_tag","embeddable":true,"href":"https:\/\/www.unesen.ca\/press\/index.php?rest_route=%2Fwp%2Fv2%2Ftags&post=388"}],"curies":[{"name":"wp","href":"https:\/\/api.w.org\/{rel}","templated":true}]}}