{"id":3723,"date":"2014-04-03T09:07:21","date_gmt":"2014-04-03T14:07:21","guid":{"rendered":"http:\/\/fr.une-sen.org\/press\/?p=3723"},"modified":"2014-04-07T09:12:53","modified_gmt":"2014-04-07T14:12:53","slug":"un-apercu-du-colloque-de-la-rcn-ed","status":"publish","type":"post","link":"https:\/\/www.unesen.ca\/press\/?p=3723&amp;lang=fr","title":{"rendered":"Un aper\u00e7u du colloque de la RCN-ED"},"content":{"rendered":"<p><a href=\"http:\/\/www.une-sen.org\/press\/wp-content\/uploads\/2014\/04\/ncr_se_2014_F.png\"><img loading=\"lazy\" class=\"alignnone size-full wp-image-3724\" alt=\"ncr_se_2014_F\" src=\"http:\/\/www.une-sen.org\/press\/wp-content\/uploads\/2014\/04\/ncr_se_2014_F.png\" width=\"600\" height=\"400\" srcset=\"https:\/\/www.unesen.ca\/press\/wp-content\/uploads\/2014\/04\/ncr_se_2014_F.png 600w, https:\/\/www.unesen.ca\/press\/wp-content\/uploads\/2014\/04\/ncr_se_2014_F-300x200.png 300w\" sizes=\"(max-width: 600px) 100vw, 600px\" \/><\/a><\/p>\n<p>Il y a quelque chose d\u2019assez g\u00e9nial au sujet de la r\u00e9gion RCN-Employeurs distincts; elle repr\u00e9sente un groupe tellement diversifi\u00e9 de milieux de travail ! Il y a des membres qui travaillent dans des mus\u00e9es, dans des lieux historiques nationaux, sur la Colline du Parlement, pour des organisations sans but lucratif et \u00e0 notre plus r\u00e9cente section locale, l\u2019hippodrome Rideau-Carleton, ainsi qu\u2019\u00e0 une foule d\u2019autres endroits. Et, la fin de semaine derni\u00e8re, plusieurs de membres se sont r\u00e9unis \u00e0 l\u2019occasion de leur colloque r\u00e9gional.<\/p>\n<p>Pour Mathieu Laurin, qui fait partie de la section locale\u00a070372, la fin de semaine a \u00e9t\u00e9 ponctu\u00e9e de plusieurs moments forts. Parmi ceux-ci, mentionnons la participation du pr\u00e9sident national et la tenue d\u2019un atelier sur la pr\u00e9sentation de r\u00e9solutions au congr\u00e8s.<\/p>\n<p>\u00ab\u00a0Nous avons \u00e9t\u00e9 en mesure de soumettre une r\u00e9solution sur-le-champ\u00a0\u00bb, explique M.\u00a0Laurin.<\/p>\n<p>Depuis le dernier Congr\u00e8s, tout membre peut soumettre une r\u00e9solution, \u00e0 condition qu\u2019elle soit sign\u00e9e par cinq\u00a0autres membres en r\u00e8gle.<\/p>\n<p>\u00ab\u00a0Le SEN a simplifi\u00e9 le processus, ajoute-t-il. Nous n\u2019avons pas \u00e0 passer autant de temps \u00e0 r\u00e9diger des r\u00e9solutions. Voici notre id\u00e9e\u00a0: voici ce que nous proposons.\u00a0\u00bb<\/p>\n<p>\u00ab\u00a0C\u2019est bref, concis et clair.\u00a0\u00bb<\/p>\n<p><b><i>Information connexe\u00a0:<\/i><\/b><i> Vous avez jusqu\u2019au 11\u00a0avril pour soumettre vos r\u00e9solutions! <\/i><a href=\"https:\/\/www.une-sen.org\/press\/?p=3293\"><i>Apprenez-en davantage ici<\/i><\/a><i>.<\/i><\/p>\n<p>M.\u00a0Laurin aura bient\u00f4t le privil\u00e8ge de voter par rapport \u00e0 sa propre r\u00e9solution, puisque, durant le colloque, il a \u00e9t\u00e9 \u00e9lu d\u00e9l\u00e9gu\u00e9 jeunesse au congr\u00e8s. Vu le climat politique actuel, il sent que les jeunes travailleurs se doivent de participer aux activit\u00e9s du syndicat maintenant, avant qu\u2019il soit trop tard.<\/p>\n<p>\u00ab\u00a0Beaucoup d\u2019enfants de l\u2019apr\u00e8s-guerre vont prendre leur retraite. Quand ce bassin de connaissances partira \u2013 si nous n\u2019avons pas de jeunes qui se mobilisent et participent activement \u2013, nous allons nous faire d\u00e9molir.\u00a0\u00bb<\/p>\n<p>M.\u00a0Laurin estime qu\u2019il est important pour le syndicat de faire savoir aux jeunes qu\u2019ils sont entendus. Le fait d\u2019avoir des d\u00e9l\u00e9gu\u00e9s jeunesse au congr\u00e8s est une des fa\u00e7ons qu\u2019utilise notre syndicat pour essayer de donner une voix forte aux jeunes travailleurs.<\/p>\n<p>\u00ab\u00a0Nous ne pouvons pas simplement continuer de nous appuyer sur les membres \u00e2g\u00e9s et exp\u00e9riment\u00e9s de notre syndicat; nous devons commencer \u00e0 regarder vers l\u2019avenir.\u00a0\u00bb<\/p>\n","protected":false},"excerpt":{"rendered":"<p>Il y a quelque chose d\u2019assez g\u00e9nial au sujet de la r\u00e9gion RCN-Employeurs distincts; elle repr\u00e9sente un groupe tellement diversifi\u00e9 de milieux de travail ! Il y a des membres qui travaillent dans des mus\u00e9es, dans des lieux historiques nationaux, sur la Colline du Parlement, pour des organisations sans but lucratif et \u00e0 notre plus &hellip; <\/p>\n<p class=\"link-more\"><a href=\"https:\/\/www.unesen.ca\/press\/?p=3723&#038;lang=fr\" class=\"more-link\">>><span class=\"screen-reader-text\"> &#8220;Un aper\u00e7u du colloque de la RCN-ED&#8221;<\/span><\/a><\/p>\n","protected":false},"author":3,"featured_media":0,"comment_status":"open","ping_status":"open","sticky":false,"template":"","format":"standard","meta":{"_links_to":"","_links_to_target":""},"categories":[],"tags":[],"_links":{"self":[{"href":"https:\/\/www.unesen.ca\/press\/index.php?rest_route=\/wp\/v2\/posts\/3723"}],"collection":[{"href":"https:\/\/www.unesen.ca\/press\/index.php?rest_route=\/wp\/v2\/posts"}],"about":[{"href":"https:\/\/www.unesen.ca\/press\/index.php?rest_route=\/wp\/v2\/types\/post"}],"author":[{"embeddable":true,"href":"https:\/\/www.unesen.ca\/press\/index.php?rest_route=\/wp\/v2\/users\/3"}],"replies":[{"embeddable":true,"href":"https:\/\/www.unesen.ca\/press\/index.php?rest_route=%2Fwp%2Fv2%2Fcomments&post=3723"}],"version-history":[{"count":1,"href":"https:\/\/www.unesen.ca\/press\/index.php?rest_route=\/wp\/v2\/posts\/3723\/revisions"}],"predecessor-version":[{"id":3725,"href":"https:\/\/www.unesen.ca\/press\/index.php?rest_route=\/wp\/v2\/posts\/3723\/revisions\/3725"}],"wp:attachment":[{"href":"https:\/\/www.unesen.ca\/press\/index.php?rest_route=%2Fwp%2Fv2%2Fmedia&parent=3723"}],"wp:term":[{"taxonomy":"category","embeddable":true,"href":"https:\/\/www.unesen.ca\/press\/index.php?rest_route=%2Fwp%2Fv2%2Fcategories&post=3723"},{"taxonomy":"post_tag","embeddable":true,"href":"https:\/\/www.unesen.ca\/press\/index.php?rest_route=%2Fwp%2Fv2%2Ftags&post=3723"}],"curies":[{"name":"wp","href":"https:\/\/api.w.org\/{rel}","templated":true}]}}