{"id":3715,"date":"2014-03-24T16:58:15","date_gmt":"2014-03-24T21:58:15","guid":{"rendered":"http:\/\/fr.une-sen.org\/press\/?p=3715"},"modified":"2014-03-24T17:02:05","modified_gmt":"2014-03-24T22:02:05","slug":"linscription-au-congres-est-maintenant-ouverte","status":"publish","type":"post","link":"https:\/\/www.unesen.ca\/press\/?p=3715&amp;lang=fr","title":{"rendered":"L&#8217;inscription au congr\u00e8s est maintenant ouverte!"},"content":{"rendered":"<p><a href=\"http:\/\/www.une-sen.org\/press\/wp-content\/uploads\/2014\/03\/imgoing_f.png\"><img loading=\"lazy\" class=\"alignnone size-full wp-image-3716\" alt=\"imgoing_f\" src=\"http:\/\/www.une-sen.org\/press\/wp-content\/uploads\/2014\/03\/imgoing_f.png\" width=\"600\" height=\"400\" srcset=\"https:\/\/www.unesen.ca\/press\/wp-content\/uploads\/2014\/03\/imgoing_f.png 600w, https:\/\/www.unesen.ca\/press\/wp-content\/uploads\/2014\/03\/imgoing_f-300x200.png 300w\" sizes=\"(max-width: 600px) 100vw, 600px\" \/><\/a><\/p>\n<p class=\"MsoNormal\"><span lang=\"FR-CA\">Qui doit <a href=\"..\/events\/convention\/2014\/registration\/\">s\u2019inscrire pour le congr\u00e8s<\/a>? Tout le monde!<\/span><\/p>\n<p class=\"MsoNormal\"><span lang=\"FR-CA\">C\u2019est exact! M\u00eame le pr\u00e9sident national doit s\u2019inscrire pour le congr\u00e8s!<\/span><\/p>\n<p>Toute personne qui est une d\u00e9l\u00e9gu\u00e9e d&#8217;office (c-a-d: d\u00e9l\u00e9gu\u00e9e automatique, comme les membres de l&#8217;ex\u00e9cutif national, les VPRA, et les membres du comit\u00e9 des droits de la personne) <a href=\"..\/events\/convention\/2014\/registration\/\">devrait s&#8217;inscrire maintenant<\/a>.<\/p>\n<p>Les d\u00e9l\u00e9gu\u00e9es et d\u00e9l\u00e9gu\u00e9s qui ont \u00e9t\u00e9 \u00e9lus lors de colloques r\u00e9gionaux afin de repr\u00e9senter les jeunes ou ceux et celles qui ont \u00e9l\u00e9 \u00e9lus lors de la conf\u00e9rence des droits de la personne pour repr\u00e9senter les groupes d&#8217;\u00e9quit\u00e9s devraient \u00e9galement <a href=\"..\/events\/convention\/2014\/registration\/\">aller s&#8217;incrire maintenant<\/a>.<\/p>\n<p class=\"MsoNormal\"><span lang=\"FR-CA\">Actuellement, bon nombre de nos sections locales ont d\u00e9j\u00e0 \u00e9lu des d\u00e9l\u00e9gu\u00e9s au congr\u00e8s. Ces d\u00e9l\u00e9gu\u00e9s n\u2019ont pas \u00e0 attendre jusqu\u2019\u00e0 ce que nous examinions leurs lettres de cr\u00e9ance; ils peuvent (et devraient!) <a href=\"..\/events\/convention\/2014\/registration\/\">aller de l\u2019avant et s\u2019inscrire imm\u00e9diatement<\/a>.<\/span><\/p>\n<p class=\"MsoNormal\"><span lang=\"FR-CA\">Au cours de l\u2019inscription, nos membres auront l\u2019occasion de nous faire savoir s\u2019ils ont besoin d\u2019am\u00e9nagements sp\u00e9ciaux ou s\u2019ils ont des allergies ou des besoins alimentaires. C\u2019est \u00e9galement \u00e0 l\u2019inscription qu\u2019ils pourront nous indiquer s\u2019ils souhaitent participer \u00e0 l\u2019un des comit\u00e9s de notre congr\u00e8s.<\/span><\/p>\n<p class=\"MsoNormal\">N\u2019oubliez pas : Nous devons recevoir vos \u00e9tats financiers d\u2019ici le 1er avril; les lettres de cr\u00e9ance de vos d\u00e9l\u00e9gu\u00e9s d\u2019ici le 11 avril. Pour de plus amples renseignements sur le congr\u00e8s, y compris une section compl\u00e8te de <a href=\"..\/events\/convention\/2014\/faq.php\">foire aux questions<\/a>, veuillez consulter <a href=\"..\/events\/convention\/\">la section sur le congr\u00e8s<\/a> de notre site Web.<\/p>\n","protected":false},"excerpt":{"rendered":"<p>Qui doit s\u2019inscrire pour le congr\u00e8s? Tout le monde! C\u2019est exact! M\u00eame le pr\u00e9sident national doit s\u2019inscrire pour le congr\u00e8s! Toute personne qui est une d\u00e9l\u00e9gu\u00e9e d&#8217;office (c-a-d: d\u00e9l\u00e9gu\u00e9e automatique, comme les membres de l&#8217;ex\u00e9cutif national, les VPRA, et les membres du comit\u00e9 des droits de la personne) devrait s&#8217;inscrire maintenant. Les d\u00e9l\u00e9gu\u00e9es et d\u00e9l\u00e9gu\u00e9s &hellip; <\/p>\n<p class=\"link-more\"><a href=\"https:\/\/www.unesen.ca\/press\/?p=3715&#038;lang=fr\" class=\"more-link\">>><span class=\"screen-reader-text\"> &#8220;L&#8217;inscription au congr\u00e8s est maintenant ouverte!&#8221;<\/span><\/a><\/p>\n","protected":false},"author":3,"featured_media":0,"comment_status":"open","ping_status":"open","sticky":false,"template":"","format":"standard","meta":{"_links_to":"","_links_to_target":""},"categories":[],"tags":[],"_links":{"self":[{"href":"https:\/\/www.unesen.ca\/press\/index.php?rest_route=\/wp\/v2\/posts\/3715"}],"collection":[{"href":"https:\/\/www.unesen.ca\/press\/index.php?rest_route=\/wp\/v2\/posts"}],"about":[{"href":"https:\/\/www.unesen.ca\/press\/index.php?rest_route=\/wp\/v2\/types\/post"}],"author":[{"embeddable":true,"href":"https:\/\/www.unesen.ca\/press\/index.php?rest_route=\/wp\/v2\/users\/3"}],"replies":[{"embeddable":true,"href":"https:\/\/www.unesen.ca\/press\/index.php?rest_route=%2Fwp%2Fv2%2Fcomments&post=3715"}],"version-history":[{"count":2,"href":"https:\/\/www.unesen.ca\/press\/index.php?rest_route=\/wp\/v2\/posts\/3715\/revisions"}],"predecessor-version":[{"id":3718,"href":"https:\/\/www.unesen.ca\/press\/index.php?rest_route=\/wp\/v2\/posts\/3715\/revisions\/3718"}],"wp:attachment":[{"href":"https:\/\/www.unesen.ca\/press\/index.php?rest_route=%2Fwp%2Fv2%2Fmedia&parent=3715"}],"wp:term":[{"taxonomy":"category","embeddable":true,"href":"https:\/\/www.unesen.ca\/press\/index.php?rest_route=%2Fwp%2Fv2%2Fcategories&post=3715"},{"taxonomy":"post_tag","embeddable":true,"href":"https:\/\/www.unesen.ca\/press\/index.php?rest_route=%2Fwp%2Fv2%2Ftags&post=3715"}],"curies":[{"name":"wp","href":"https:\/\/api.w.org\/{rel}","templated":true}]}}