{"id":3694,"date":"2014-03-18T15:12:29","date_gmt":"2014-03-18T20:12:29","guid":{"rendered":"http:\/\/fr.une-sen.org\/press\/?p=3694"},"modified":"2014-03-18T15:12:39","modified_gmt":"2014-03-18T20:12:39","slug":"jour-de-la-francophonie-le-20-mars","status":"publish","type":"post","link":"https:\/\/www.unesen.ca\/press\/?p=3694&amp;lang=fr","title":{"rendered":"Jour de la Francophonie &#8211; le 20 mars"},"content":{"rendered":"<p><a href=\"http:\/\/www.une-sen.org\/press\/wp-content\/uploads\/2014\/03\/franco_2014_f.png\"><img loading=\"lazy\" class=\"alignnone size-full wp-image-3696\" alt=\"franco_2014_f\" src=\"http:\/\/www.une-sen.org\/press\/wp-content\/uploads\/2014\/03\/franco_2014_f.png\" width=\"600\" height=\"400\" srcset=\"https:\/\/www.unesen.ca\/press\/wp-content\/uploads\/2014\/03\/franco_2014_f.png 600w, https:\/\/www.unesen.ca\/press\/wp-content\/uploads\/2014\/03\/franco_2014_f-300x200.png 300w\" sizes=\"(max-width: 600px) 100vw, 600px\" \/><br \/>\n<\/a><strong>Par Yvon Beaudoin<\/strong><\/p>\n<p>En cette journ\u00e9e internationale de la Francophonie, j\u2019aimerais vous proposer un portrait des 9 178 100 canadiens qui parlent fran\u00e7ais au Canada.<\/p>\n<p>\u00c0 la rencontre annuelle des membres des Comit\u00e9s de francisation de la FTQ de 2013, Mmes Suzanne Dionne Coster et Mariette Rainville, de la Commission nationale des parents francophones, <a href=\"http:\/\/cnpf.ca\/index.cfm?voir=blogue&amp;id=17145&amp;M=3486&amp;item=13625\">ont dress\u00e9es la r\u00e9partition suivante<\/a> sur la vitalit\u00e9 de la francophonie \u00e0 travers les diff\u00e9rentes r\u00e9gions du Canada. Nous avons pris la libert\u00e9 de vous pr\u00e9senter ces donn\u00e9es sous forme infographique.<\/p>\n<p><a href=\"http:\/\/www.une-sen.org\/press\/wp-content\/uploads\/2014\/03\/franco_infographic_f.png\"><img loading=\"lazy\" class=\"alignnone size-full wp-image-3695\" alt=\"franco_infographic_f\" src=\"http:\/\/www.une-sen.org\/press\/wp-content\/uploads\/2014\/03\/franco_infographic_f.png\" width=\"600\" height=\"400\" srcset=\"https:\/\/www.unesen.ca\/press\/wp-content\/uploads\/2014\/03\/franco_infographic_f.png 600w, https:\/\/www.unesen.ca\/press\/wp-content\/uploads\/2014\/03\/franco_infographic_f-300x200.png 300w\" sizes=\"(max-width: 600px) 100vw, 600px\" \/><\/a><\/p>\n<p>&nbsp;<\/p>\n<p>\u00c0 premi\u00e8re vue, on aurait tendance \u00e0 croire que la communaut\u00e9 francophone est bien ancr\u00e9e au Canada. Lorsque qu\u2019on regarde l\u2019impact des coupures de 5,2 milliard de dollars annonc\u00e9es en 2012 par le gouvernement conservateur, une autre r\u00e9alit\u00e9 se dessine.<\/p>\n<p><a href=\"http:\/\/www.ledevoir.com\/politique\/canada\/373594\/des-coupes-au-detriment-du-francais\">Selon M. Claude Poirier<\/a>, pr\u00e9sident de l\u2019Association canadienne des employ\u00e9s professionnels (ACEP), on demande maintenant aux francophones de r\u00e9diger leurs documents en anglais afin de r\u00e9duire les co\u00fbts de traduction.<\/p>\n<p><a href=\"http:\/\/www.ledevoir.com\/politique\/canada\/373594\/des-coupes-au-detriment-du-francais\">Rapporte Le Devoir\u00a0<\/a>:<\/p>\n<blockquote><p><i>\u00ab\u00a0Selon le minist\u00e8re des Travaux publics, de qui rel\u00e8ve le Bureau, le volume d\u2019affaires est pass\u00e9 de 253 millions en 2010-2011 \u00e0 231 millions l\u2019ann\u00e9e suivante, soit une baisse de 9 %. Le Rapport des plans et priorit\u00e9s pour 2012-2013 pr\u00e9voit des revenus d\u2019\u00e0 peine 191 millions.\u00a0\u00bb<\/i><\/p><\/blockquote>\n<p>En plus, le gouvernement conservateur se contente de se croiser les bras lorsqu\u2019on parle des langues officielles. En d\u00e9cembre dernier,\u00a0le gouvernement conservateur a vot\u00e9 contre deux motions d\u00e9pos\u00e9es par Yvon Godin, le porte-parole du NPD en mati\u00e8res de langues officielles.<\/p>\n<p><a href=\"http:\/\/annickpapillon.npd.ca\/les-conservateurs-doivent-prendre-le-bilinguisme-au-serieux\">Les motions avaient comme but de<\/a> \u00ab\u00a0faire compara\u00eetre le ministre de la Justice et la ministre des P\u00eaches et des Oc\u00e9ans devant le comit\u00e9 des langues officielles pour faire des mises \u00e0 jour importantes au sujet de l\u2019acc\u00e8s \u00e0 la justice dans les deux langues officielles ainsi que sur l\u2019avenir du Centre de recherche et de sauvetage maritime de Qu\u00e9bec.\u00a0\u00bb<\/p>\n<p>Les compressions budg\u00e9taires du gouvernement conservateur sont un enjeu majeur pour la vitalit\u00e9 des deux langues officielles au Canada. Demandez \u00e0 vos d\u00e9put\u00e9s d\u2019agir.<\/p>\n<p>Nos membres doivent exiger de travailler dans la langue officielle de leur choix!<\/p>\n","protected":false},"excerpt":{"rendered":"<p>Par Yvon Beaudoin En cette journ\u00e9e internationale de la Francophonie, j\u2019aimerais vous proposer un portrait des 9 178 100 canadiens qui parlent fran\u00e7ais au Canada. \u00c0 la rencontre annuelle des membres des Comit\u00e9s de francisation de la FTQ de 2013, Mmes Suzanne Dionne Coster et Mariette Rainville, de la Commission nationale des parents francophones, ont &hellip; <\/p>\n<p class=\"link-more\"><a href=\"https:\/\/www.unesen.ca\/press\/?p=3694&#038;lang=fr\" class=\"more-link\">>><span class=\"screen-reader-text\"> &#8220;Jour de la Francophonie &#8211; le 20 mars&#8221;<\/span><\/a><\/p>\n","protected":false},"author":3,"featured_media":0,"comment_status":"open","ping_status":"open","sticky":false,"template":"","format":"standard","meta":{"_links_to":"","_links_to_target":""},"categories":[],"tags":[],"_links":{"self":[{"href":"https:\/\/www.unesen.ca\/press\/index.php?rest_route=\/wp\/v2\/posts\/3694"}],"collection":[{"href":"https:\/\/www.unesen.ca\/press\/index.php?rest_route=\/wp\/v2\/posts"}],"about":[{"href":"https:\/\/www.unesen.ca\/press\/index.php?rest_route=\/wp\/v2\/types\/post"}],"author":[{"embeddable":true,"href":"https:\/\/www.unesen.ca\/press\/index.php?rest_route=\/wp\/v2\/users\/3"}],"replies":[{"embeddable":true,"href":"https:\/\/www.unesen.ca\/press\/index.php?rest_route=%2Fwp%2Fv2%2Fcomments&post=3694"}],"version-history":[{"count":3,"href":"https:\/\/www.unesen.ca\/press\/index.php?rest_route=\/wp\/v2\/posts\/3694\/revisions"}],"predecessor-version":[{"id":3699,"href":"https:\/\/www.unesen.ca\/press\/index.php?rest_route=\/wp\/v2\/posts\/3694\/revisions\/3699"}],"wp:attachment":[{"href":"https:\/\/www.unesen.ca\/press\/index.php?rest_route=%2Fwp%2Fv2%2Fmedia&parent=3694"}],"wp:term":[{"taxonomy":"category","embeddable":true,"href":"https:\/\/www.unesen.ca\/press\/index.php?rest_route=%2Fwp%2Fv2%2Fcategories&post=3694"},{"taxonomy":"post_tag","embeddable":true,"href":"https:\/\/www.unesen.ca\/press\/index.php?rest_route=%2Fwp%2Fv2%2Ftags&post=3694"}],"curies":[{"name":"wp","href":"https:\/\/api.w.org\/{rel}","templated":true}]}}