{"id":3682,"date":"2014-03-11T14:46:04","date_gmt":"2014-03-11T19:46:04","guid":{"rendered":"http:\/\/fr.une-sen.org\/press\/?p=3682"},"modified":"2014-03-11T14:46:04","modified_gmt":"2014-03-11T19:46:04","slug":"ne-tardez-pas-les-dates-limites-approchent","status":"publish","type":"post","link":"https:\/\/www.unesen.ca\/press\/?p=3682&amp;lang=fr","title":{"rendered":"Ne tardez pas: Les dates limites approchent!"},"content":{"rendered":"<p><a href=\"http:\/\/www.une-sen.org\/press\/wp-content\/uploads\/2014\/03\/snooze_f.png\"><img loading=\"lazy\" class=\"alignnone size-full wp-image-3683\" alt=\"Ne tardez pas: les dates limites approchent\" src=\"http:\/\/www.une-sen.org\/press\/wp-content\/uploads\/2014\/03\/snooze_f.png\" width=\"600\" height=\"400\" srcset=\"https:\/\/www.unesen.ca\/press\/wp-content\/uploads\/2014\/03\/snooze_f.png 600w, https:\/\/www.unesen.ca\/press\/wp-content\/uploads\/2014\/03\/snooze_f-300x200.png 300w\" sizes=\"(max-width: 600px) 100vw, 600px\" \/><\/a><\/p>\n<p>Et tout \u00e0 coup, voil\u00e0 mars qui se pointe! Cela signifie que deux dates limites importantes touchant le Congr\u00e8s arrivent \u00e0 grands pas.<\/p>\n<p>Les sections locales doivent s\u2019assurer que le SEN re\u00e7oit leurs \u00e9tats financiers au plus tard le 1<sup>er<\/sup>\u00a0avril. C\u2019est dans moins d\u2019un mois!<\/p>\n<p>Les sections locales doivent aussi s\u2019assurer d\u2019\u00e9lire leurs d\u00e9l\u00e9gu\u00e9es et d\u00e9l\u00e9gu\u00e9s au Congr\u00e8s ainsi que leurs suppl\u00e9antes et suppl\u00e9ants. Elles doivent aussi envoyer les lettres de cr\u00e9ance des d\u00e9l\u00e9gu\u00e9es\/d\u00e9l\u00e9gu\u00e9s au plus tard le\u00a011\u00a0avril. Il en va de m\u00eame pour les r\u00e9solutions du Congr\u00e8s.<\/p>\n<p>Ne paniquez pas! Tous les renseignements dont vous pouvez avoir besoin se trouvent dans <a href=\"..\/events\/convention\/\">la section du Congr\u00e8s<\/a> de notre site Web (conseil\u00a0: vous trouverez cette section sous la rubrique \u00c9v\u00e9nements).<\/p>\n<p>Si vous l\u2019avez manqu\u00e9e, la <a href=\"..\/events\/convention\/2014\/callout_f.pdf\">lettre d&#8217;invitation<\/a> contient tous les renseignements dont vous avez besoin au sujet de l\u2019\u00e9v\u00e9nement. Vous trouverez des listes de v\u00e9rification utiles et tous les formulaires n\u00e9cessaires dans la <a href=\"..\/events\/convention\/2014\/conv_pak_f.pdf\">trousse d&#8217;inscription au Congr\u00e8s<\/a>.<\/p>\n<p>Pour ce qui est des r\u00e9solutions, vous trouverez tout ce dont vous avez besoin dans la <a href=\"..\/events\/convention\/2014\/res_callout_f.pdf\">lettre concernant les r\u00e9solutions<\/a>. Vous trouverez les <a href=\"..\/events\/convention\/2014\/resolutions\/\">formulaires de r\u00e9solution ici<\/a>.<\/p>\n<p>Ne perdez pas de temps! Avril sera l\u00e0 en moins de deux!<\/p>\n","protected":false},"excerpt":{"rendered":"<p>Et tout \u00e0 coup, voil\u00e0 mars qui se pointe! Cela signifie que deux dates limites importantes touchant le Congr\u00e8s arrivent \u00e0 grands pas. Les sections locales doivent s\u2019assurer que le SEN re\u00e7oit leurs \u00e9tats financiers au plus tard le 1er\u00a0avril. C\u2019est dans moins d\u2019un mois! Les sections locales doivent aussi s\u2019assurer d\u2019\u00e9lire leurs d\u00e9l\u00e9gu\u00e9es et &hellip; <\/p>\n<p class=\"link-more\"><a href=\"https:\/\/www.unesen.ca\/press\/?p=3682&#038;lang=fr\" class=\"more-link\">>><span class=\"screen-reader-text\"> &#8220;Ne tardez pas: Les dates limites approchent!&#8221;<\/span><\/a><\/p>\n","protected":false},"author":3,"featured_media":0,"comment_status":"open","ping_status":"open","sticky":false,"template":"","format":"standard","meta":{"_links_to":"","_links_to_target":""},"categories":[],"tags":[],"_links":{"self":[{"href":"https:\/\/www.unesen.ca\/press\/index.php?rest_route=\/wp\/v2\/posts\/3682"}],"collection":[{"href":"https:\/\/www.unesen.ca\/press\/index.php?rest_route=\/wp\/v2\/posts"}],"about":[{"href":"https:\/\/www.unesen.ca\/press\/index.php?rest_route=\/wp\/v2\/types\/post"}],"author":[{"embeddable":true,"href":"https:\/\/www.unesen.ca\/press\/index.php?rest_route=\/wp\/v2\/users\/3"}],"replies":[{"embeddable":true,"href":"https:\/\/www.unesen.ca\/press\/index.php?rest_route=%2Fwp%2Fv2%2Fcomments&post=3682"}],"version-history":[{"count":1,"href":"https:\/\/www.unesen.ca\/press\/index.php?rest_route=\/wp\/v2\/posts\/3682\/revisions"}],"predecessor-version":[{"id":3684,"href":"https:\/\/www.unesen.ca\/press\/index.php?rest_route=\/wp\/v2\/posts\/3682\/revisions\/3684"}],"wp:attachment":[{"href":"https:\/\/www.unesen.ca\/press\/index.php?rest_route=%2Fwp%2Fv2%2Fmedia&parent=3682"}],"wp:term":[{"taxonomy":"category","embeddable":true,"href":"https:\/\/www.unesen.ca\/press\/index.php?rest_route=%2Fwp%2Fv2%2Fcategories&post=3682"},{"taxonomy":"post_tag","embeddable":true,"href":"https:\/\/www.unesen.ca\/press\/index.php?rest_route=%2Fwp%2Fv2%2Ftags&post=3682"}],"curies":[{"name":"wp","href":"https:\/\/api.w.org\/{rel}","templated":true}]}}