{"id":3670,"date":"2014-03-05T15:18:13","date_gmt":"2014-03-05T20:18:13","guid":{"rendered":"http:\/\/fr.une-sen.org\/press\/?p=3670"},"modified":"2014-03-05T15:18:13","modified_gmt":"2014-03-05T20:18:13","slug":"journee-internationale-de-la-femme-le-8-mars","status":"publish","type":"post","link":"https:\/\/www.unesen.ca\/press\/?p=3670&amp;lang=fr","title":{"rendered":"Journ\u00e9e internationale de la femme &#8211; le 8 mars"},"content":{"rendered":"<p><a href=\"http:\/\/www.une-sen.org\/press\/wp-content\/uploads\/2014\/03\/womensday_2014_f.png\"><img loading=\"lazy\" class=\"alignnone size-full wp-image-3671\" alt=\"Journ\u00e9e internationale de la femme\" src=\"http:\/\/www.une-sen.org\/press\/wp-content\/uploads\/2014\/03\/womensday_2014_f.png\" width=\"600\" height=\"400\" srcset=\"https:\/\/www.unesen.ca\/press\/wp-content\/uploads\/2014\/03\/womensday_2014_f.png 600w, https:\/\/www.unesen.ca\/press\/wp-content\/uploads\/2014\/03\/womensday_2014_f-300x200.png 300w\" sizes=\"(max-width: 600px) 100vw, 600px\" \/><\/a><\/p>\n<p>&nbsp;<\/p>\n<p><em><strong>par Hayley Millington<\/strong><\/em><\/p>\n<p><i>Lorsqu\u2019on m\u2019a demand\u00e9 de soumettre un article pour la Journ\u00e9e internationale de la femme, j\u2019ai accept\u00e9 avec enthousiasme. Imm\u00e9diatement, je me suis mise \u00e0 r\u00e9fl\u00e9chir aux nombreuses possibilit\u00e9s qui s\u2019offraient \u00e0 moi. Finalement, j\u2019ai d\u00e9cid\u00e9 de m\u2019exprimer de la fa\u00e7on la plus naturelle pour moi, c\u2019est-\u00e0-dire d\u2019une fa\u00e7on cr\u00e9ative.<\/i><\/p>\n<p><i>\u00c0 mes yeux, seul un po\u00e8me peut illustrer la passion que suscite chez moi cette journ\u00e9e ainsi que l\u2019importance de souligner et de c\u00e9l\u00e9brer la Journ\u00e9e internationale de la femme.<\/i><\/p>\n<p>JE<br \/>\nNOUS<br \/>\nELLE<\/p>\n<p>Le reflet de moi-m\u00eame<br \/>\nLes femmes d\u2019hier, d\u2019aujourd\u2019hui et de demain<\/p>\n<p>Les femmes du monde entier, bras entrelac\u00e9s,<br \/>\nPour que toute nation soit aim\u00e9e et prot\u00e9g\u00e9e<br \/>\nSes croyances et ses cultures, appuy\u00e9es<\/p>\n<p>Des femmes massacr\u00e9es, donnant leur sein d\u00e9nud\u00e9<br \/>\n\u00c0 des g\u00e9n\u00e9rations assoiff\u00e9es<br \/>\nDans la verte plaine et la jungle des cit\u00e9s<\/p>\n<p>\u00c9CART\u00c9ES \u00a0par l\u2019\u00c9tat, prompt \u00e0 r\u00e9glementer<br \/>\nPRISES de court par l\u2019apathie de la soci\u00e9t\u00e9<br \/>\nD\u00c9ROUT\u00c9ES par la guerre et d\u00e9sillusionn\u00e9es<\/p>\n<p>Des voix d\u00e9termin\u00e9es<br \/>\nClament haut et fort ce que leur sexe impertinent souhaite privil\u00e9gier<br \/>\nPAIX, IND\u00c9PENDANCE, CONNAISSANCE, S\u00c9CURIT\u00c9 ET S\u00dbRET\u00c9<\/p>\n<p>Se d\u00e9battant sous les r\u00eanes auxquelles la soci\u00e9t\u00e9 les a assujetties<br \/>\nLes fronti\u00e8res entre les sexes floues, fauss\u00e9es par les perceptions d\u2019autrui,<br \/>\nCes s\u0153urs n\u2019ont qu\u2019une id\u00e9e en t\u00eate\u00a0: survivre, \u00e0 tout prix<\/p>\n<p>Et ELLE, l\u2019esprit enflamm\u00e9,<br \/>\nInspir\u00e9e par les combats s\u00e9culaires livr\u00e9s<br \/>\nS\u2019\u00e9l\u00e8ve farouchement pour revendiquer<br \/>\nSes droits \u00e0 ELLE, qui ne sauraient \u00eatre ali\u00e9n\u00e9s<\/p>\n<p>Son histoire \u00e9crite et r\u00e9p\u00e9t\u00e9e, ELLE commence \u00e0 s\u2019\u00e9veiller<br \/>\nSes membres, jusqu\u2019alors immobiles<br \/>\nS\u2019agitent dans un mouvement fluide<\/p>\n<p>Un rire fuse<br \/>\nDes larmes coulent<br \/>\nSes l\u00e8vres se serrent<br \/>\nELLE se tient debout, droite et fi\u00e8re<\/p>\n<p>JE<br \/>\nNOUS<br \/>\nELLE<\/p>\n<p>Reflets de moi-m\u00eame<br \/>\nLa femme, hier et aujourd\u2019hui\u00a0: une histoire universELLE<\/p>\n<p><em>Cet article a \u00e9t\u00e9 r\u00e9dig\u00e9 par Hayley Millington dans le cadre de notre\u00a0<\/em><a href=\"?p=3157\"><em>programme de journalisme syndical<\/em><\/a><em>. Hayley fait partie du Comit\u00e9 des droits de la personne du SEN et est la repr\u00e9sentante nationale de l&#8217;\u00e9quit\u00e9 pour les femmes.<\/em><\/p>\n","protected":false},"excerpt":{"rendered":"<p>&nbsp; par Hayley Millington Lorsqu\u2019on m\u2019a demand\u00e9 de soumettre un article pour la Journ\u00e9e internationale de la femme, j\u2019ai accept\u00e9 avec enthousiasme. Imm\u00e9diatement, je me suis mise \u00e0 r\u00e9fl\u00e9chir aux nombreuses possibilit\u00e9s qui s\u2019offraient \u00e0 moi. Finalement, j\u2019ai d\u00e9cid\u00e9 de m\u2019exprimer de la fa\u00e7on la plus naturelle pour moi, c\u2019est-\u00e0-dire d\u2019une fa\u00e7on cr\u00e9ative. \u00c0 mes &hellip; <\/p>\n<p class=\"link-more\"><a href=\"https:\/\/www.unesen.ca\/press\/?p=3670&#038;lang=fr\" class=\"more-link\">>><span class=\"screen-reader-text\"> &#8220;Journ\u00e9e internationale de la femme &#8211; le 8 mars&#8221;<\/span><\/a><\/p>\n","protected":false},"author":3,"featured_media":0,"comment_status":"open","ping_status":"open","sticky":false,"template":"","format":"standard","meta":{"_links_to":"","_links_to_target":""},"categories":[],"tags":[],"_links":{"self":[{"href":"https:\/\/www.unesen.ca\/press\/index.php?rest_route=\/wp\/v2\/posts\/3670"}],"collection":[{"href":"https:\/\/www.unesen.ca\/press\/index.php?rest_route=\/wp\/v2\/posts"}],"about":[{"href":"https:\/\/www.unesen.ca\/press\/index.php?rest_route=\/wp\/v2\/types\/post"}],"author":[{"embeddable":true,"href":"https:\/\/www.unesen.ca\/press\/index.php?rest_route=\/wp\/v2\/users\/3"}],"replies":[{"embeddable":true,"href":"https:\/\/www.unesen.ca\/press\/index.php?rest_route=%2Fwp%2Fv2%2Fcomments&post=3670"}],"version-history":[{"count":2,"href":"https:\/\/www.unesen.ca\/press\/index.php?rest_route=\/wp\/v2\/posts\/3670\/revisions"}],"predecessor-version":[{"id":3673,"href":"https:\/\/www.unesen.ca\/press\/index.php?rest_route=\/wp\/v2\/posts\/3670\/revisions\/3673"}],"wp:attachment":[{"href":"https:\/\/www.unesen.ca\/press\/index.php?rest_route=%2Fwp%2Fv2%2Fmedia&parent=3670"}],"wp:term":[{"taxonomy":"category","embeddable":true,"href":"https:\/\/www.unesen.ca\/press\/index.php?rest_route=%2Fwp%2Fv2%2Fcategories&post=3670"},{"taxonomy":"post_tag","embeddable":true,"href":"https:\/\/www.unesen.ca\/press\/index.php?rest_route=%2Fwp%2Fv2%2Ftags&post=3670"}],"curies":[{"name":"wp","href":"https:\/\/api.w.org\/{rel}","templated":true}]}}