{"id":3658,"date":"2014-03-04T11:47:50","date_gmt":"2014-03-04T16:47:50","guid":{"rendered":"http:\/\/fr.une-sen.org\/press\/?p=3658"},"modified":"2014-03-04T14:11:51","modified_gmt":"2014-03-04T19:11:51","slug":"le-nouveau-visage-du-militantisme","status":"publish","type":"post","link":"https:\/\/www.unesen.ca\/press\/?p=3658&amp;lang=fr","title":{"rendered":"Le nouveau visage du militantisme"},"content":{"rendered":"<p><a href=\"http:\/\/www.une-sen.org\/press\/wp-content\/uploads\/2014\/03\/twitter_article_f.png\"><img loading=\"lazy\" class=\"alignnone size-full wp-image-3659\" alt=\"Le nouveau visage du militantisme\" src=\"http:\/\/www.une-sen.org\/press\/wp-content\/uploads\/2014\/03\/twitter_article_f.png\" width=\"600\" height=\"400\" srcset=\"https:\/\/www.unesen.ca\/press\/wp-content\/uploads\/2014\/03\/twitter_article_f.png 600w, https:\/\/www.unesen.ca\/press\/wp-content\/uploads\/2014\/03\/twitter_article_f-300x200.png 300w\" sizes=\"(max-width: 600px) 100vw, 600px\" \/><\/a><\/p>\n<p>Imaginez si\u00a01\u00a0000\u00a0personnes protestaient aujourd\u2019hui m\u00eame sur la Colline du Parlement. L\u2019\u00e9v\u00e9nement ferait sans aucun doute les manchettes, non? Et s\u2019il y en avait\u00a040\u00a0000? Les politiciens porteraient s\u00fbrement attention.<\/p>\n<p>Eh bien, en\u00a02012, 40\u00a0000\u00a0gazouillis sur Twitter ont protest\u00e9 contre les modifications propos\u00e9es par le gouvernement conservateur au <i>Code criminel du Canada<\/i>\u00a0: la <i>Loi sur la protection des enfants contre les cyberpr\u00e9dateurs. <\/i><\/p>\n<p>Ne vous laissez pas berner par son nom, le projet de loi n\u2019a rien \u00e0 faire avec les cyberpr\u00e9dateurs et a tout \u00e0 voir avec l\u2019intention du gouvernement de mettre le nez dans nos disques durs sans mandat.<\/p>\n<p>Si vous vous rappelez, c\u2019est le tristement c\u00e9l\u00e8bre projet de loi qui a pouss\u00e9 Vic Toews \u00e0 faire un George W. Bush de lui et d\u00e9clarer qu\u2019il fallait soit se ranger du c\u00f4t\u00e9 du gouvernement, soit \u00ab\u00a0<a href=\"http:\/\/www.youtube.com\/watch?v=A1BAHc4Mr5M\">du c\u00f4t\u00e9 des pornographes juv\u00e9niles<\/a>\u00a0\u00bb.<\/p>\n<p>Le projet de loi a \u00e9t\u00e9 chaudement critiqu\u00e9, ce qui a donn\u00e9 naissance \u00e0 l\u2019un des mots-clics les plus dr\u00f4les de Twitter de l\u2019histoire canadienne\u00a0: #tellviceverything (#ditestoutavic). Essentiellement, la twittosph\u00e8re a d\u00e9cid\u00e9 que, si Vic Toews voulait vraiment tout savoir, eh bien il fallait TOUT dire \u00e0 Vic\u2026 quitte \u00e0 en dire trop.<\/p>\n<p>Par cons\u00e9quent, les Canadiens ont commenc\u00e9 \u00e0 tout r\u00e9v\u00e9ler \u00e0 Vic, depuis un <a href=\"https:\/\/twitter.com\/stevefleck\/statuses\/170231549462188032\">simple exc\u00e8s de vitesse<\/a> \u00e0 leur <a href=\"https:\/\/twitter.com\/TabathaSouthey\/statuses\/170215973545193472\">cycle d\u2019ovulation<\/a>. M\u00eame les d\u00e9put\u00e9s se sont joints au bal. Megan Leslie a parl\u00e9 \u00e0 Vic de sa matin\u00e9e sans caf\u00e9 en raison du <a href=\"https:\/\/twitter.com\/MeganLeslieMP\/statuses\/170181806300217344\">lait qui avait tourn\u00e9<\/a>. Justin Trudeau a ajout\u00e9 son grain de sel en parlant de son <a href=\"https:\/\/twitter.com\/JustinTrudeau\/status\/170309943868665856\">besoin pressant d\u2019uriner<\/a>.<\/p>\n<p>Au plus fort, le mot-clic a \u00e9t\u00e9 utilis\u00e9 plus de <a href=\"http:\/\/globalnews.ca\/news\/42806\/bill-c-30-and-the-law-of-the-code-2\/\">40\u00a0000\u00a0fois<\/a>.<\/p>\n<p>Dans l\u2019embarras, le gouvernement a laiss\u00e9 tomber le projet de loi. C\u2019est probablement le seul projet de loi que le gouvernement actuel a laiss\u00e9 tomber en r\u00e9action \u00e0 une contestation publique.<\/p>\n<p>Le mouvement de protestation #Idlenomore est un autre excellent exemple de la fa\u00e7on dont une id\u00e9e lanc\u00e9e sur Twitter peut galvaniser les forces. En tant que militants, nous pouvons dynamiser ces causes en en parlant sur Twitter.<\/p>\n<p>Nous avons parl\u00e9 de ces exemples et d\u2019autres exemples la semaine derni\u00e8re, durant une s\u00e9ance de formation de deux heures sur Twitter en compagnie de repr\u00e9sentants nationaux de l\u2019\u00e9quit\u00e9 du SEN. Les cinq membres esp\u00e8rent joindre un plus large auditoire en utilisant les m\u00e9dias sociaux.<\/p>\n<p>Durant la formation, on leur a conseill\u00e9 de rester \u00e0 l\u2019aff\u00fbt des nouveaux journaux t\u00e9l\u00e9vis\u00e9s qui demandent \u00e0 leur public de faire conna\u00eetre leur point de vue sur Twitter. Ce sont de telles occasions qui donnent \u00e0 chacun d\u2019entre nous la capacit\u00e9 de se faire entendre durant un journal t\u00e9l\u00e9vis\u00e9 majeur.<\/p>\n<p>Dans bon nombre de ces \u00e9missions, on lit de plus en plus de gazouillis en direct. Il s\u2019agit d\u2019un moyen de se rapprocher de leur auditoire.<\/p>\n<p>Les gazouillis ont l\u2019avantage d\u2019\u00eatre courts et, par cons\u00e9quent, nous pouvons les \u00e9valuer et les lire rapidement. C\u2019est pourquoi beaucoup de journaux t\u00e9l\u00e9vis\u00e9s, qui n\u2019avaient jamais pris d\u2019appel ni utilis\u00e9 un mod\u00e8le de tribune radiophonique se tournent vers Twitter pour obtenir le point de vue de leurs t\u00e9l\u00e9spectateurs.<\/p>\n<p>On encourage aussi les membres \u00e0 utiliser Twitter comme agr\u00e9gateur de nouvelles\u00a0: en suivant une douzaine de sites d\u2019actualit\u00e9 majeurs sur Twitter vous pouvez suivre facilement l\u2019actualit\u00e9 \u00e0 un seul endroit. Un autre bon conseil\u00a0: suivez certains de vos journalistes pr\u00e9f\u00e9r\u00e9s.<\/p>\n<p>Et puisqu\u2019un peu d\u2019autopromotion ne fait jamais de tort, un autre avantage d\u2019\u00eatre sur Twitter, c\u2019est que vous pourrez gazouiller avec nous durant le Congr\u00e8s\u00a0du SEN2014!<\/p>\n<p>L\u2019ann\u00e9e derni\u00e8re, le nombre de Canadiens sur Twitter a augment\u00e9 <a href=\"http:\/\/globalnews.ca\/news\/519222\/how-do-you-compare-canadian-social-media-stats\/\">de\u00a080\u00a0%<\/a>. \u00cates-vous d\u00e9j\u00e0 l\u2019un de ces Canadiens sur Twitter? Dites-le-nous dans la section des commentaires ci-dessous! Encore mieux, faires-nous part de vos commentaires en nous envoyant un gazoulli \u00e0 <a href=\"twitter.com\/mon_sen\">@mon_SEN<\/a>.<\/p>\n<p>&nbsp;<\/p>\n","protected":false},"excerpt":{"rendered":"<p>Imaginez si\u00a01\u00a0000\u00a0personnes protestaient aujourd\u2019hui m\u00eame sur la Colline du Parlement. L\u2019\u00e9v\u00e9nement ferait sans aucun doute les manchettes, non? Et s\u2019il y en avait\u00a040\u00a0000? Les politiciens porteraient s\u00fbrement attention. Eh bien, en\u00a02012, 40\u00a0000\u00a0gazouillis sur Twitter ont protest\u00e9 contre les modifications propos\u00e9es par le gouvernement conservateur au Code criminel du Canada\u00a0: la Loi sur la protection des &hellip; <\/p>\n<p class=\"link-more\"><a href=\"https:\/\/www.unesen.ca\/press\/?p=3658&#038;lang=fr\" class=\"more-link\">>><span class=\"screen-reader-text\"> &#8220;Le nouveau visage du militantisme&#8221;<\/span><\/a><\/p>\n","protected":false},"author":3,"featured_media":0,"comment_status":"open","ping_status":"open","sticky":false,"template":"","format":"standard","meta":{"_links_to":"","_links_to_target":""},"categories":[],"tags":[],"_links":{"self":[{"href":"https:\/\/www.unesen.ca\/press\/index.php?rest_route=\/wp\/v2\/posts\/3658"}],"collection":[{"href":"https:\/\/www.unesen.ca\/press\/index.php?rest_route=\/wp\/v2\/posts"}],"about":[{"href":"https:\/\/www.unesen.ca\/press\/index.php?rest_route=\/wp\/v2\/types\/post"}],"author":[{"embeddable":true,"href":"https:\/\/www.unesen.ca\/press\/index.php?rest_route=\/wp\/v2\/users\/3"}],"replies":[{"embeddable":true,"href":"https:\/\/www.unesen.ca\/press\/index.php?rest_route=%2Fwp%2Fv2%2Fcomments&post=3658"}],"version-history":[{"count":3,"href":"https:\/\/www.unesen.ca\/press\/index.php?rest_route=\/wp\/v2\/posts\/3658\/revisions"}],"predecessor-version":[{"id":3664,"href":"https:\/\/www.unesen.ca\/press\/index.php?rest_route=\/wp\/v2\/posts\/3658\/revisions\/3664"}],"wp:attachment":[{"href":"https:\/\/www.unesen.ca\/press\/index.php?rest_route=%2Fwp%2Fv2%2Fmedia&parent=3658"}],"wp:term":[{"taxonomy":"category","embeddable":true,"href":"https:\/\/www.unesen.ca\/press\/index.php?rest_route=%2Fwp%2Fv2%2Fcategories&post=3658"},{"taxonomy":"post_tag","embeddable":true,"href":"https:\/\/www.unesen.ca\/press\/index.php?rest_route=%2Fwp%2Fv2%2Ftags&post=3658"}],"curies":[{"name":"wp","href":"https:\/\/api.w.org\/{rel}","templated":true}]}}