{"id":3651,"date":"2014-03-04T11:17:47","date_gmt":"2014-03-04T16:17:47","guid":{"rendered":"http:\/\/fr.une-sen.org\/press\/?p=3651"},"modified":"2014-03-04T11:17:47","modified_gmt":"2014-03-04T16:17:47","slug":"des-equipes-de-nego-du-tonnerre","status":"publish","type":"post","link":"https:\/\/www.unesen.ca\/press\/?p=3651&amp;lang=fr","title":{"rendered":"Des \u00e9quipes de n\u00e9go du tonnerre!"},"content":{"rendered":"<p><a href=\"http:\/\/www.une-sen.org\/press\/wp-content\/uploads\/2014\/03\/stellar_f.png\"><img loading=\"lazy\" class=\"alignnone size-full wp-image-3652\" alt=\"Des \u00e9quipes de n\u00e9gociation du tonnerre!\" src=\"http:\/\/www.une-sen.org\/press\/wp-content\/uploads\/2014\/03\/stellar_f.png\" width=\"600\" height=\"400\" srcset=\"https:\/\/www.unesen.ca\/press\/wp-content\/uploads\/2014\/03\/stellar_f.png 600w, https:\/\/www.unesen.ca\/press\/wp-content\/uploads\/2014\/03\/stellar_f-300x200.png 300w\" sizes=\"(max-width: 600px) 100vw, 600px\" \/><\/a><\/p>\n<p>&nbsp;<\/p>\n<p>\u00ab\u00a0Je suis sorti de cette conf\u00e9rence vraiment impressionn\u00e9 par la passion, la d\u00e9termination et l\u2019engagement de nos membres\u00a0\u00bb, dit le pr\u00e9sident national, Doug Marshall, au sujet de la derni\u00e8re Conf\u00e9rence sur la n\u00e9gociation du Conseil du Tr\u00e9sor.<\/p>\n<p>\u00ab\u00a0Nos membres n\u2019ont pas eu peur de s\u2019investir, ajoute-t-il. Nous avons des membres \u00e0 tous les niveaux de l\u2019organisation \u00e0 remercier pour cela, des membres des sections locales qui participent au processus de n\u00e9gociation depuis le d\u00e9but, jusqu\u2019\u00e0 tous ceux qui ont assist\u00e9 \u00e0 la conf\u00e9rence et vot\u00e9.\u00a0\u00bb<\/p>\n<p>La conf\u00e9rence a permis d\u2019\u00e9lire quatre membres \u00e0 l\u2019\u00e9quipe du groupe PA, deux \u00e0 celle du groupe EB et un \u00e0 celle du groupe TC.<\/p>\n<p>Kate Hart, repr\u00e9sentante nationale de l\u2019\u00e9quit\u00e9 pour les personnes LGBT du SEN, compte parmi les quatre membres \u00e9lus au sein de l\u2019\u00e9quipe de n\u00e9gociation du groupe PA durant la conf\u00e9rence. Elle admet que son discours sortait de l\u2019ordinaire.<\/p>\n<p>\u00ab\u00a0Nous devons toujours nous limiter \u00e0 trois minutes, explique-t-elle. J\u2019ai d\u00e9cid\u00e9 de d\u00e9tendre l\u2019atmosph\u00e8re.\u00a0\u00bb<\/p>\n<p>Voici les grandes lignes de sa pr\u00e9sentation\u00a0:<\/p>\n<p>\u00ab\u00a0Bonjour. Je suis Kate. Je suis une femme transgenre et lesbienne \u2013 et je soup\u00e7onne que Tony Clement et moi ne partageons pas la m\u00eame d\u00e9finition du mot \u201cfamille\u201d.\u00a0\u00bb<\/p>\n<p>Elle dit que l\u2019auditoire a \u00e9clat\u00e9 de rire.<\/p>\n<p>Natalie Rainville, jeune travailleuse de Qu\u00e9bec qui est aussi membre du SEN, a obtenu une place au sein de l\u2019\u00e9quipe de n\u00e9gociation du groupe PA. Elle a dit s\u2019\u00eatre pr\u00e9sent\u00e9e \u00e0 la conf\u00e9rence avec l\u2019intention de poser sa candidature pour obtenir l\u2019une des places convoit\u00e9es \u00e0 la table de n\u00e9gociation.<\/p>\n<p>\u00ab\u00a0Je me suis dit\u00a0que j\u2019allais me lancer, affirme-t-elle. Et pourquoi pas moi? Je devais essayer.\u00a0\u00bb<\/p>\n<p>M\u00eame si elle n\u2019a jamais pris part \u00e0 des n\u00e9gociations avec le Conseil du Tr\u00e9sor, elle a une solide exp\u00e9rience en mati\u00e8re de n\u00e9gociation. Elle a particip\u00e9 \u00e0 deux occasions aux n\u00e9gociations r\u00e9gionales dans le secteur h\u00f4telier.<\/p>\n<p>\u00ab\u00a0Pourquoi ne pas mettre cette exp\u00e9rience au service des autres?\u00a0\u00bb<\/p>\n<p>Quant aux dix membres de l\u2019\u00e9quipe de n\u00e9gociations, elle affirme \u00eatre \u00e9pat\u00e9e par leur grande diversit\u00e9.<\/p>\n<p>\u00ab\u00a0Il y a beaucoup de diversit\u00e9, que ce soit sur le plan de l\u2019exp\u00e9rience, de l\u2019\u00e2ge ou de la pr\u00e9sence de membres des groupes d\u00e9sign\u00e9s\u00a0\u00bb, dit-elle, soulignant qu\u2019un autre membre du SEN \u00e9lu au sein de l\u2019\u00e9quipe, Stephane Allard, est aussi un jeune travailleur. \u00ab\u00a0Cette belle diversit\u00e9 nous aidera vraiment \u00e0 repr\u00e9senter tous les membres.\u00a0\u00bb<\/p>\n<p>\u00ab\u00a0Et il y a aussi une grande diversit\u00e9 g\u00e9ographique!\u00a0\u00bb s\u2019exclame Kate Hart, qui se fait l\u2019\u00e9cho de sa cons\u0153ur Rainville. \u00ab\u00a0Il y a un repr\u00e9sentant de chaque r\u00e9gion du pays. Et il y a aussi Geoff Ryan, qui repr\u00e9sente les personnes handicap\u00e9es. En g\u00e9n\u00e9ral, les groupes d\u00e9sign\u00e9s sont bien repr\u00e9sent\u00e9s.\u00a0\u00bb<\/p>\n<p>Les deux femmes ont affirm\u00e9 que l\u2019\u00e9v\u00e9nement \u00e9tait une excellente occasion de rencontrer des membres d\u2019autres composantes et d\u2019apprendre de choses au sujet de ce qui se passe dans d\u2019autres lieux de travail.<\/p>\n<p>\u00ab\u00a0J\u2019ai trouv\u00e9 l\u2019\u00e9v\u00e9nement tr\u00e8s utile\u00a0\u00bb, d\u00e9clare Kate Hart.<\/p>\n<p>Un certain nombre de conf\u00e9renciers ont pris la parole durant la conf\u00e9rence, et beaucoup de leaders syndicaux qui n\u2019appartiennent pas \u00e0 l\u2019AFPC ont profit\u00e9 de l\u2019occasion pour exprimer leur solidarit\u00e9 in\u00e9branlable. Pour Nathalie Rainville, cette vague de soutien et toutes les id\u00e9es soulev\u00e9es l\u2019ont enflamm\u00e9e. Elle est pr\u00eate \u00e0 passer \u00e0 l\u2019action.<\/p>\n<p>\u00ab\u00a0J\u2019ai vraiment l\u2019impression que les membres sont d\u00e9termin\u00e9s \u00e0 lutter pour leurs acquis et \u00e0 ne faire aucune concession, affirme-t-elle. Ce genre de d\u00e9termination me rend tr\u00e8s enthousiaste.\u00a0\u00bb<\/p>\n<p>F\u00e9licitations \u00e0 Michael Freeman et Terrylynn Brandt, tous deux \u00e9lus au sein de l\u2019\u00e9quipe du groupe EB, et qui repr\u00e9sentent les membres qui \u0153uvrent dans les domaines de l\u2019\u00e9ducation, de la biblioth\u00e9conomie et de l\u2019encadrement p\u00e9dagogique.<\/p>\n<p>Nous levons aussi notre chapeau \u00e0 Suzanne Arsenault, qui aura un d\u00e9fi de taille, celui de succ\u00e9der \u00e0 un grand au sein du groupe TC. En effet, durant la conf\u00e9rence, les membres ont profit\u00e9 de l\u2019occasion pour reconna\u00eetre les inestimables contributions du vice-pr\u00e9sident r\u00e9gional de l\u2019Ontario Garry Larouche, qui a particip\u00e9 \u00e0 tous les cycles de n\u00e9gociation du groupe TC depuis\u00a01996!<\/p>\n<p>(Pour vous donner une id\u00e9e, en\u00a01996, danser la Macarena \u00e9tait tr\u00e8s \u00e0 la mode\u2026). Le moins qu\u2019on puisse dire, c\u2019est que \u00e7a fait tr\u00e8s longtemps!<\/p>\n<p>&nbsp;<\/p>\n<p>&nbsp;<\/p>\n","protected":false},"excerpt":{"rendered":"<p>&nbsp; \u00ab\u00a0Je suis sorti de cette conf\u00e9rence vraiment impressionn\u00e9 par la passion, la d\u00e9termination et l\u2019engagement de nos membres\u00a0\u00bb, dit le pr\u00e9sident national, Doug Marshall, au sujet de la derni\u00e8re Conf\u00e9rence sur la n\u00e9gociation du Conseil du Tr\u00e9sor. \u00ab\u00a0Nos membres n\u2019ont pas eu peur de s\u2019investir, ajoute-t-il. Nous avons des membres \u00e0 tous les niveaux &hellip; <\/p>\n<p class=\"link-more\"><a href=\"https:\/\/www.unesen.ca\/press\/?p=3651&#038;lang=fr\" class=\"more-link\">>><span class=\"screen-reader-text\"> &#8220;Des \u00e9quipes de n\u00e9go du tonnerre!&#8221;<\/span><\/a><\/p>\n","protected":false},"author":3,"featured_media":0,"comment_status":"open","ping_status":"open","sticky":false,"template":"","format":"standard","meta":{"_links_to":"","_links_to_target":""},"categories":[],"tags":[],"_links":{"self":[{"href":"https:\/\/www.unesen.ca\/press\/index.php?rest_route=\/wp\/v2\/posts\/3651"}],"collection":[{"href":"https:\/\/www.unesen.ca\/press\/index.php?rest_route=\/wp\/v2\/posts"}],"about":[{"href":"https:\/\/www.unesen.ca\/press\/index.php?rest_route=\/wp\/v2\/types\/post"}],"author":[{"embeddable":true,"href":"https:\/\/www.unesen.ca\/press\/index.php?rest_route=\/wp\/v2\/users\/3"}],"replies":[{"embeddable":true,"href":"https:\/\/www.unesen.ca\/press\/index.php?rest_route=%2Fwp%2Fv2%2Fcomments&post=3651"}],"version-history":[{"count":1,"href":"https:\/\/www.unesen.ca\/press\/index.php?rest_route=\/wp\/v2\/posts\/3651\/revisions"}],"predecessor-version":[{"id":3653,"href":"https:\/\/www.unesen.ca\/press\/index.php?rest_route=\/wp\/v2\/posts\/3651\/revisions\/3653"}],"wp:attachment":[{"href":"https:\/\/www.unesen.ca\/press\/index.php?rest_route=%2Fwp%2Fv2%2Fmedia&parent=3651"}],"wp:term":[{"taxonomy":"category","embeddable":true,"href":"https:\/\/www.unesen.ca\/press\/index.php?rest_route=%2Fwp%2Fv2%2Fcategories&post=3651"},{"taxonomy":"post_tag","embeddable":true,"href":"https:\/\/www.unesen.ca\/press\/index.php?rest_route=%2Fwp%2Fv2%2Ftags&post=3651"}],"curies":[{"name":"wp","href":"https:\/\/api.w.org\/{rel}","templated":true}]}}