{"id":3642,"date":"2014-02-27T13:43:09","date_gmt":"2014-02-27T18:43:09","guid":{"rendered":"http:\/\/fr.une-sen.org\/press\/?p=3642"},"modified":"2014-02-27T13:44:50","modified_gmt":"2014-02-27T18:44:50","slug":"membres-does-la-lutte-pour-lequite-continue","status":"publish","type":"post","link":"https:\/\/www.unesen.ca\/press\/?p=3642&amp;lang=fr","title":{"rendered":"Membres d&#8217;OES: La lutte pour l&#8217;\u00e9quit\u00e9 continue"},"content":{"rendered":"<p><a href=\"http:\/\/www.une-sen.org\/press\/wp-content\/uploads\/2014\/02\/sso_update_feb2014_F.png\"><img loading=\"lazy\" class=\"alignnone size-full wp-image-3643\" alt=\"sso_update_feb2014_F\" src=\"http:\/\/www.une-sen.org\/press\/wp-content\/uploads\/2014\/02\/sso_update_feb2014_F.png\" width=\"600\" height=\"400\" srcset=\"https:\/\/www.unesen.ca\/press\/wp-content\/uploads\/2014\/02\/sso_update_feb2014_F.png 600w, https:\/\/www.unesen.ca\/press\/wp-content\/uploads\/2014\/02\/sso_update_feb2014_F-300x200.png 300w\" sizes=\"(max-width: 600px) 100vw, 600px\" \/><\/a><\/p>\n<p>Plus t\u00f4t ce mois-ci, les membres aux Op\u00e9rations des enqu\u00eates statistiques ont communiqu\u00e9 leur message devant l\u2019entr\u00e9e des bureaux de Statistique Canada \u00e0 Ottawa. M\u00eame s\u2019il y avait une temp\u00eate de neige \u00e9pouvantable, il est impossible que les dirigeants de Statistique Canada n\u2019aient pas entendu la foule d\u00e9noncer les conditions de travail injustes de son personnel.<\/p>\n<p>Les n\u00e9gociations des membres d\u2019OES avec leur employeur sont au point mort depuis un certain temps maintenant. Ils doivent attendre qu\u2019une d\u00e9cision soit rendue par la Cour f\u00e9d\u00e9rale et la Commission des relations de travail. Cependant, la partie syndicale demeure ouverte \u00e0 reprendre les discussions.<\/p>\n<p>\u00ab\u00a0Nos conditions de travail continuent \u00e0 se d\u00e9grader\u00a0\u00bb, a expliqu\u00e9 G\u00e9raldine Fortin, repr\u00e9sentante aux droits de la personne du SEN pour la r\u00e9gion du Qu\u00e9bec et membre de l\u2019\u00e9quipe de n\u00e9gociation.<\/p>\n<p>Pendant la manifestation, M<sup>me<\/sup>\u00a0Fortin a fait valoir \u00e0 quel point la vie \u00e9tait rendue difficile pour les membres d\u2019OES. Elle a dit \u00e0 la foule que son salaire annuel avait baiss\u00e9 de\u00a0plus de 50\u00a0% en seulement un an. Les employ\u00e9es et employ\u00e9s d\u2019OES n\u2019ont pas de salaire minimum; leur salaire d\u00e9pend enti\u00e8rement du nombre d\u2019enqu\u00eates que Statistique Canada doit faire, ce qui peut varier consid\u00e9rablement.<\/p>\n<p>Selon M<sup>me<\/sup>\u00a0Fortin, bon nombre de membres d\u2019OES vivent en dessous du seuil de pauvret\u00e9.<\/p>\n<p>Ces membres ont vraiment besoin que nous les appuyions haut et fort. M<sup>me<\/sup>\u00a0Fortin a \u00e9t\u00e9 particuli\u00e8rement impressionn\u00e9e de voir autant de soutien au cours de la manifestation, \u00e0 laquelle ont particip\u00e9 une l\u00e9gion de membres qui \u00e9taient en ville pour la Conf\u00e9rence sur la n\u00e9gociation du Conseil du Tr\u00e9sor.<\/p>\n<p>\u00ab\u00a0J\u2019ai re\u00e7u plusieurs tapes sur l\u2019\u00e9paule, a dit M<sup>me<\/sup>\u00a0Fortin. \u00c7a m\u2019a fait du bien.\u00a0\u00bb<\/p>\n<p>Mais c\u2019est en voyant arriver ses coll\u00e8gues intervieweuses sur le terrain de Montr\u00e9al et de Trois-Rivi\u00e8res qu\u2019elle a senti un \u00e9lan d\u2019\u00e9nergie.<\/p>\n<p>\u00ab\u00a0Elles ont brav\u00e9 la temp\u00eate pour venir ici, a expliqu\u00e9 M<sup>me<\/sup>\u00a0Fortin. \u00c7a chang\u00e9 ma dynamique instantan\u00e9ment \u2013 j\u2019ai saut\u00e9 de joie.\u00a0\u00bb<\/p>\n<p>\u00ab\u00a0Je n\u2019ai pas de mot pour expliquer \u00e0 quel point j\u2019ai appr\u00e9ci\u00e9 qu\u2019elles soient l\u00e0. \u00c7&#8217;a m\u2019a fait chaud au c\u0153ur.\u00a0\u00bb<\/p>\n<p>M<sup>me<\/sup>\u00a0Fortin a dit que ses coll\u00e8gues et elle ont souvent l\u2019impression d\u2019\u00eatre incompris par leur employeur. Ces sentiments ont \u00e9t\u00e9 confirm\u00e9s lorsqu\u2019elle a assist\u00e9 \u00e0 la derni\u00e8re audience de l\u2019arbitrage en janvier.<\/p>\n<p>\u00ab\u00a0La fa\u00e7on dont ils parlent de nous, c\u2019est d\u00e9gradant. Soit qu\u2019ils ne comprennent pas, soit nous ne sommes pas du tout sur la m\u00eame longueur d&#8217;onde, a-t-elle dit. Cependant, Morgan Gay, notre n\u00e9gociateur, a pr\u00e9sent\u00e9 un bel expos\u00e9 lors de sa pr\u00e9sentation aux arbitres de la commission des relations de travail.\u00a0\u00bb<\/p>\n<p>\u00ab\u00a0Que nous gagnions ou perdions, je suis fi\u00e8re. Je crois que son expos\u00e9 nous a r\u00e9ellement pr\u00e9sent\u00e9s comme des \u00eatres humains. \u00bb<\/p>\n<figure id=\"attachment_3638\" aria-describedby=\"caption-attachment-3638\" style=\"width: 500px\" class=\"wp-caption alignnone\"><a href=\"http:\/\/www.une-sen.org\/press\/wp-content\/uploads\/2014\/02\/12526120913_8b8a14e203.jpg\"><img loading=\"lazy\" class=\"size-full wp-image-3638\" alt=\"12526120913_8b8a14e203\" src=\"http:\/\/www.une-sen.org\/press\/wp-content\/uploads\/2014\/02\/12526120913_8b8a14e203.jpg\" width=\"500\" height=\"334\" srcset=\"https:\/\/www.unesen.ca\/press\/wp-content\/uploads\/2014\/02\/12526120913_8b8a14e203.jpg 500w, https:\/\/www.unesen.ca\/press\/wp-content\/uploads\/2014\/02\/12526120913_8b8a14e203-300x200.jpg 300w\" sizes=\"(max-width: 500px) 100vw, 500px\" \/><\/a><figcaption id=\"caption-attachment-3638\" class=\"wp-caption-text\">Les intervieweuses de terrain aux OES qui ont particip\u00e9 \u00e0 la manifestation.<\/figcaption><\/figure>\n","protected":false},"excerpt":{"rendered":"<p>Plus t\u00f4t ce mois-ci, les membres aux Op\u00e9rations des enqu\u00eates statistiques ont communiqu\u00e9 leur message devant l\u2019entr\u00e9e des bureaux de Statistique Canada \u00e0 Ottawa. M\u00eame s\u2019il y avait une temp\u00eate de neige \u00e9pouvantable, il est impossible que les dirigeants de Statistique Canada n\u2019aient pas entendu la foule d\u00e9noncer les conditions de travail injustes de son &hellip; <\/p>\n<p class=\"link-more\"><a href=\"https:\/\/www.unesen.ca\/press\/?p=3642&#038;lang=fr\" class=\"more-link\">>><span class=\"screen-reader-text\"> &#8220;Membres d&#8217;OES: La lutte pour l&#8217;\u00e9quit\u00e9 continue&#8221;<\/span><\/a><\/p>\n","protected":false},"author":3,"featured_media":0,"comment_status":"open","ping_status":"open","sticky":false,"template":"","format":"standard","meta":{"_links_to":"","_links_to_target":""},"categories":[],"tags":[],"_links":{"self":[{"href":"https:\/\/www.unesen.ca\/press\/index.php?rest_route=\/wp\/v2\/posts\/3642"}],"collection":[{"href":"https:\/\/www.unesen.ca\/press\/index.php?rest_route=\/wp\/v2\/posts"}],"about":[{"href":"https:\/\/www.unesen.ca\/press\/index.php?rest_route=\/wp\/v2\/types\/post"}],"author":[{"embeddable":true,"href":"https:\/\/www.unesen.ca\/press\/index.php?rest_route=\/wp\/v2\/users\/3"}],"replies":[{"embeddable":true,"href":"https:\/\/www.unesen.ca\/press\/index.php?rest_route=%2Fwp%2Fv2%2Fcomments&post=3642"}],"version-history":[{"count":2,"href":"https:\/\/www.unesen.ca\/press\/index.php?rest_route=\/wp\/v2\/posts\/3642\/revisions"}],"predecessor-version":[{"id":3645,"href":"https:\/\/www.unesen.ca\/press\/index.php?rest_route=\/wp\/v2\/posts\/3642\/revisions\/3645"}],"wp:attachment":[{"href":"https:\/\/www.unesen.ca\/press\/index.php?rest_route=%2Fwp%2Fv2%2Fmedia&parent=3642"}],"wp:term":[{"taxonomy":"category","embeddable":true,"href":"https:\/\/www.unesen.ca\/press\/index.php?rest_route=%2Fwp%2Fv2%2Fcategories&post=3642"},{"taxonomy":"post_tag","embeddable":true,"href":"https:\/\/www.unesen.ca\/press\/index.php?rest_route=%2Fwp%2Fv2%2Ftags&post=3642"}],"curies":[{"name":"wp","href":"https:\/\/api.w.org\/{rel}","templated":true}]}}