{"id":359,"date":"2011-06-11T13:08:00","date_gmt":"2011-06-11T17:08:00","guid":{"rendered":"http:\/\/www.nationalcomponent.com\/press\/?p=359"},"modified":"2014-02-25T19:55:00","modified_gmt":"2014-02-25T19:55:00","slug":"fierte-syndicale-a-travers-les-prairies","status":"publish","type":"post","link":"https:\/\/www.unesen.ca\/press\/?p=359&amp;lang=fr","title":{"rendered":"Fiert\u00e9 syndicale \u00e0 travers les prairies"},"content":{"rendered":"<p><a href=\"http:\/\/www.une-sen.org\/press\/?attachment_id=360\" rel=\"attachment wp-att-360\"><img loading=\"lazy\" class=\"alignnone size-full wp-image-360\" alt=\"Fiert\u00e9 syndicale \u00e0 travers les prairies\" src=\"http:\/\/www.une-sen.org\/press\/wp-content\/uploads\/2012\/03\/PrairieWide_f.jpg\" width=\"541\" height=\"360\" srcset=\"https:\/\/www.unesen.ca\/press\/wp-content\/uploads\/2012\/03\/PrairieWide_f.jpg 541w, https:\/\/www.unesen.ca\/press\/wp-content\/uploads\/2012\/03\/PrairieWide_f-300x199.jpg 300w\" sizes=\"(max-width: 541px) 100vw, 541px\" \/><\/a><\/p>\n<p>10 Juin 2011 \u2013 Les d\u00e9l\u00e9gu\u00e9es et d\u00e9l\u00e9gu\u00e9s, observatrices et observateurs, ainsi que les invit\u00e9es et invit\u00e9s du Congr\u00e8s r\u00e9gional de la r\u00e9gion des Prairies de l\u2019AFPC\u00a0 sont descendus dans la rue pour apporter leur solidarit\u00e9 \u00e0 leurs cons\u0153urs et confr\u00e8res du Syndicat des travailleurs et travailleuses des postes (STTP) qui tiennent toujours des gr\u00e8ves tournantes \u00e0 travers le pays. Le rassemblement \u00e0 Winnipeg a attir\u00e9 des membres de l\u2019AFPC, STTP, SCFP, et d\u2019autres syndicats. Ensemble, les militantes et militants syndicaux ont envoy\u00e9 un message clair\u00a0: lorsque les services de postes sont attaqu\u00e9s, nous viendrons \u00e0 leur d\u00e9fense.<\/p>\n<p>Les membres du STTP luttent pour des conditions de travail plus s\u00e9curitaires et pour garder un r\u00e9gime de cong\u00e9 de maladie qu\u2019ils ont depuis 1988. Ils r\u00e9sistent aussi \u00e0 l\u2019introduction d\u2019un syst\u00e8me de salaire et d\u2019avantages sociaux \u00e0 deux niveaux.<\/p>\n<p>Plusieurs membres de l\u2019\u00c9l\u00e9ment national, de la r\u00e9gion des Prairies, \u00e9taient pr\u00e9sents et se sont r\u00e9jouis \u00e0 l\u2019occasion d\u2019\u00eatre solidaires de leurs cons\u0153urs et confr\u00e8res du STTP.<\/p>\n<table width=\"530\" border=\"0\" cellspacing=\"0\" cellpadding=\"0\">\n<tbody>\n<tr>\n<td width=\"51\"><a href=\"http:\/\/www.flickr.com\/photos\/element_national_component\/sets\/72157626806954643\/\"><img loading=\"lazy\" class=\"alignnone size-full wp-image-344\" alt=\"\" src=\"http:\/\/www.une-sen.org\/press\/wp-content\/uploads\/2012\/03\/flickr1-e1331765470994.png\" width=\"39\" height=\"39\" \/><\/a><\/td>\n<td width=\"479\">Il y a plusieurs photos du rassemblement! Veuillez consulter\u00a0<a href=\"http:\/\/www.flickr.com\/photos\/element_national_component\/sets\/72157626806954643\/\">le site Flickr de l&#8217;\u00c9l\u00e9ment national<\/a>!<\/td>\n<\/tr>\n<\/tbody>\n<\/table>\n","protected":false},"excerpt":{"rendered":"<p>10 Juin 2011 \u2013 Les d\u00e9l\u00e9gu\u00e9es et d\u00e9l\u00e9gu\u00e9s, observatrices et observateurs, ainsi que les invit\u00e9es et invit\u00e9s du Congr\u00e8s r\u00e9gional de la r\u00e9gion des Prairies de l\u2019AFPC\u00a0 sont descendus dans la rue pour apporter leur solidarit\u00e9 \u00e0 leurs cons\u0153urs et confr\u00e8res du Syndicat des travailleurs et travailleuses des postes (STTP) qui tiennent toujours des gr\u00e8ves &hellip; <\/p>\n<p class=\"link-more\"><a href=\"https:\/\/www.unesen.ca\/press\/?p=359&#038;lang=fr\" class=\"more-link\">>><span class=\"screen-reader-text\"> &#8220;Fiert\u00e9 syndicale \u00e0 travers les prairies&#8221;<\/span><\/a><\/p>\n","protected":false},"author":3,"featured_media":0,"comment_status":"open","ping_status":"open","sticky":false,"template":"","format":"standard","meta":{"_links_to":"","_links_to_target":""},"categories":[],"tags":[],"_links":{"self":[{"href":"https:\/\/www.unesen.ca\/press\/index.php?rest_route=\/wp\/v2\/posts\/359"}],"collection":[{"href":"https:\/\/www.unesen.ca\/press\/index.php?rest_route=\/wp\/v2\/posts"}],"about":[{"href":"https:\/\/www.unesen.ca\/press\/index.php?rest_route=\/wp\/v2\/types\/post"}],"author":[{"embeddable":true,"href":"https:\/\/www.unesen.ca\/press\/index.php?rest_route=\/wp\/v2\/users\/3"}],"replies":[{"embeddable":true,"href":"https:\/\/www.unesen.ca\/press\/index.php?rest_route=%2Fwp%2Fv2%2Fcomments&post=359"}],"version-history":[{"count":1,"href":"https:\/\/www.unesen.ca\/press\/index.php?rest_route=\/wp\/v2\/posts\/359\/revisions"}],"predecessor-version":[{"id":3593,"href":"https:\/\/www.unesen.ca\/press\/index.php?rest_route=\/wp\/v2\/posts\/359\/revisions\/3593"}],"wp:attachment":[{"href":"https:\/\/www.unesen.ca\/press\/index.php?rest_route=%2Fwp%2Fv2%2Fmedia&parent=359"}],"wp:term":[{"taxonomy":"category","embeddable":true,"href":"https:\/\/www.unesen.ca\/press\/index.php?rest_route=%2Fwp%2Fv2%2Fcategories&post=359"},{"taxonomy":"post_tag","embeddable":true,"href":"https:\/\/www.unesen.ca\/press\/index.php?rest_route=%2Fwp%2Fv2%2Ftags&post=359"}],"curies":[{"name":"wp","href":"https:\/\/api.w.org\/{rel}","templated":true}]}}