{"id":355,"date":"2011-06-06T13:05:19","date_gmt":"2011-06-06T17:05:19","guid":{"rendered":"http:\/\/www.nationalcomponent.com\/press\/?p=355"},"modified":"2014-02-25T19:55:25","modified_gmt":"2014-02-25T19:55:25","slug":"felicitations-larry","status":"publish","type":"post","link":"https:\/\/www.unesen.ca\/press\/?p=355&amp;lang=fr","title":{"rendered":"F\u00e9licitations Larry"},"content":{"rendered":"<p><a href=\"http:\/\/www.une-sen.org\/press\/?attachment_id=356\" rel=\"attachment wp-att-356\"><img loading=\"lazy\" class=\"alignnone size-full wp-image-356\" alt=\"F\u00e9licitations Larry\" src=\"http:\/\/www.une-sen.org\/press\/wp-content\/uploads\/2012\/03\/larry_f.jpg\" width=\"541\" height=\"360\" srcset=\"https:\/\/www.unesen.ca\/press\/wp-content\/uploads\/2012\/03\/larry_f.jpg 541w, https:\/\/www.unesen.ca\/press\/wp-content\/uploads\/2012\/03\/larry_f-300x199.jpg 300w\" sizes=\"(max-width: 541px) 100vw, 541px\" \/><\/a><\/p>\n<p>L\u2019\u00c9l\u00e9ment national souhaite f\u00e9liciter chaleureusement Confr\u00e8re Larry Rousseau. Le 5 juin 2011, Larry a \u00e9t\u00e9 \u00e9lu, au premier tour, Vice-pr\u00e9sident ex\u00e9cutif national (VPER) de l\u2019AFPC, R\u00e9gion de la capitale nationale. Larry a toujours \u00e9t\u00e9 un membre passionn\u00e9 et d\u00e9vou\u00e9 de l\u2019\u00c9l\u00e9ment national durant plusieurs ann\u00e9es; nous avons qu\u2019il am\u00e8nera le m\u00eame niveau d\u2019enthousiasme chez l\u2019AFPC et nous lui la meilleure des chances dans ses nouveaux d\u00e9fis.<\/p>\n<p>En 2008, Larry Rousseau a \u00e9t\u00e9 \u00e9lu Vice-pr\u00e9sident r\u00e9gional de la r\u00e9gion RCN-TB de l\u2019\u00c9l\u00e9ment national. Larry \u00e9tait auparavant le premier Vice-pr\u00e9sident de la section locale 70059, laquelle repr\u00e9sente les membres qui travaillent \u00e0 Statistiques Canada. En tant que membre de l\u2019Ex\u00e9cutif national, Larry a contribu\u00e9 au travail de plusieurs comit\u00e9s\u00a0: le Comit\u00e9 des R\u00e8glements internes et des politiques, le Comit\u00e9 des communications, le Comit\u00e9 des francophones et le Comit\u00e9 d\u2019\u00c9ducation, r\u00e9compenses et prix. Au sein du mouvement syndical, il a travaill\u00e9 pour le Congr\u00e8s du travail du Canada, a \u00e9t\u00e9 d\u00e9l\u00e9gu\u00e9 au Conseil du travail d\u2019Ottawa et du district et il a particip\u00e9 au Programme de d\u00e9veloppement syndical de l&#8217;AFPC. Il est aussi un militant au sein de la communaut\u00e9 LGBT et NORWAR\/PAIX. Larry est d\u00e9vou\u00e9 aux valeurs telles que la justice sociale, l\u2019\u00e9quit\u00e9, l\u2019\u00e9galit\u00e9 et les droits de la personne \u2013 des valeurs que nous tenons \u00e9galement \u00e0 c\u0153ur \u00e0 l\u2019\u00c9l\u00e9ment national.<\/p>\n<p>F\u00e9licitations Larry!<\/p>\n","protected":false},"excerpt":{"rendered":"<p>L\u2019\u00c9l\u00e9ment national souhaite f\u00e9liciter chaleureusement Confr\u00e8re Larry Rousseau. Le 5 juin 2011, Larry a \u00e9t\u00e9 \u00e9lu, au premier tour, Vice-pr\u00e9sident ex\u00e9cutif national (VPER) de l\u2019AFPC, R\u00e9gion de la capitale nationale. Larry a toujours \u00e9t\u00e9 un membre passionn\u00e9 et d\u00e9vou\u00e9 de l\u2019\u00c9l\u00e9ment national durant plusieurs ann\u00e9es; nous avons qu\u2019il am\u00e8nera le m\u00eame niveau d\u2019enthousiasme chez l\u2019AFPC &hellip; <\/p>\n<p class=\"link-more\"><a href=\"https:\/\/www.unesen.ca\/press\/?p=355&#038;lang=fr\" class=\"more-link\">>><span class=\"screen-reader-text\"> &#8220;F\u00e9licitations Larry&#8221;<\/span><\/a><\/p>\n","protected":false},"author":3,"featured_media":0,"comment_status":"open","ping_status":"open","sticky":false,"template":"","format":"standard","meta":{"_links_to":"","_links_to_target":""},"categories":[],"tags":[],"_links":{"self":[{"href":"https:\/\/www.unesen.ca\/press\/index.php?rest_route=\/wp\/v2\/posts\/355"}],"collection":[{"href":"https:\/\/www.unesen.ca\/press\/index.php?rest_route=\/wp\/v2\/posts"}],"about":[{"href":"https:\/\/www.unesen.ca\/press\/index.php?rest_route=\/wp\/v2\/types\/post"}],"author":[{"embeddable":true,"href":"https:\/\/www.unesen.ca\/press\/index.php?rest_route=\/wp\/v2\/users\/3"}],"replies":[{"embeddable":true,"href":"https:\/\/www.unesen.ca\/press\/index.php?rest_route=%2Fwp%2Fv2%2Fcomments&post=355"}],"version-history":[{"count":1,"href":"https:\/\/www.unesen.ca\/press\/index.php?rest_route=\/wp\/v2\/posts\/355\/revisions"}],"predecessor-version":[{"id":3594,"href":"https:\/\/www.unesen.ca\/press\/index.php?rest_route=\/wp\/v2\/posts\/355\/revisions\/3594"}],"wp:attachment":[{"href":"https:\/\/www.unesen.ca\/press\/index.php?rest_route=%2Fwp%2Fv2%2Fmedia&parent=355"}],"wp:term":[{"taxonomy":"category","embeddable":true,"href":"https:\/\/www.unesen.ca\/press\/index.php?rest_route=%2Fwp%2Fv2%2Fcategories&post=355"},{"taxonomy":"post_tag","embeddable":true,"href":"https:\/\/www.unesen.ca\/press\/index.php?rest_route=%2Fwp%2Fv2%2Ftags&post=355"}],"curies":[{"name":"wp","href":"https:\/\/api.w.org\/{rel}","templated":true}]}}