{"id":347,"date":"2011-06-04T18:52:38","date_gmt":"2011-06-04T22:52:38","guid":{"rendered":"http:\/\/www.nationalcomponent.com\/press\/?p=347"},"modified":"2014-02-25T19:56:34","modified_gmt":"2014-02-25T19:56:34","slug":"les-membres-de-lelement-national-marchent-a-lappui-des-membres-de-la-sttp","status":"publish","type":"post","link":"https:\/\/www.unesen.ca\/press\/?p=347&amp;lang=fr","title":{"rendered":"Les membres de l&#8217;\u00c9l\u00e9ment national marchent \u00e0 l&#8217;appui des membres de la STTP"},"content":{"rendered":"<p><a href=\"http:\/\/www.une-sen.org\/press\/?attachment_id=348\" rel=\"attachment wp-att-348\"><img loading=\"lazy\" class=\"alignnone size-full wp-image-348\" alt=\"Un geste de solidarit\u00e9\" src=\"http:\/\/www.une-sen.org\/press\/wp-content\/uploads\/2012\/03\/CUPW_march_f.jpg\" width=\"541\" height=\"360\" srcset=\"https:\/\/www.unesen.ca\/press\/wp-content\/uploads\/2012\/03\/CUPW_march_f.jpg 541w, https:\/\/www.unesen.ca\/press\/wp-content\/uploads\/2012\/03\/CUPW_march_f-300x199.jpg 300w\" sizes=\"(max-width: 541px) 100vw, 541px\" \/><\/a><\/p>\n<p>La solidarit\u00e9 est la pierre angulaire du mouvement syndical. Les membres de l&#8217;\u00c9l\u00e9ment national, ainsi que d&#8217;autres membres de l&#8217;AFPC, se sont joint u un rassemblement afin\u00a0d&#8217;exprimer leur appui\u00a0envers leurs confr\u00e8res et consoeurs du Syndicat des travailleurs et travailleuses des postes. Plusieurs oratrices et orateurs ont adress\u00e9 la foule et aliment\u00e9 leur dynamisme, dont le Pr\u00e9sident national de l&#8217;AFPC, John Gordon. Une mer de drapeaux de l&#8217;AFPC a rempli le coin des rues Sparks et Elgin, ou se trouve le bureau de poste central dans le centre-ville d&#8217;Ottawa. Solidarit\u00e9 mes fr\u00e8res et mes soeurs!<\/p>\n<table width=\"530\" border=\"0\" cellspacing=\"0\" cellpadding=\"0\">\n<tbody>\n<tr>\n<td width=\"51\"><a href=\"http:\/\/www.une-sen.org\/press\/?attachment_id=344\" rel=\"attachment wp-att-344\"><img loading=\"lazy\" class=\"alignnone size-full wp-image-344\" alt=\"\" src=\"http:\/\/www.une-sen.org\/press\/wp-content\/uploads\/2012\/03\/flickr1-e1331765470994.png\" width=\"39\" height=\"39\" \/><\/a><\/td>\n<td width=\"479\">Il y a plusieurs photos du rassemblement! Veuillez consulter\u00a0<a href=\"http:\/\/www.flickr.com\/photos\/element_national_component\/sets\/72157626759709227\/\">le site Flickr de l&#8217;\u00c9l\u00e9ment national<\/a>!<\/td>\n<\/tr>\n<\/tbody>\n<\/table>\n","protected":false},"excerpt":{"rendered":"<p>La solidarit\u00e9 est la pierre angulaire du mouvement syndical. Les membres de l&#8217;\u00c9l\u00e9ment national, ainsi que d&#8217;autres membres de l&#8217;AFPC, se sont joint u un rassemblement afin\u00a0d&#8217;exprimer leur appui\u00a0envers leurs confr\u00e8res et consoeurs du Syndicat des travailleurs et travailleuses des postes. Plusieurs oratrices et orateurs ont adress\u00e9 la foule et aliment\u00e9 leur dynamisme, dont le &hellip; <\/p>\n<p class=\"link-more\"><a href=\"https:\/\/www.unesen.ca\/press\/?p=347&#038;lang=fr\" class=\"more-link\">>><span class=\"screen-reader-text\"> &#8220;Les membres de l&#8217;\u00c9l\u00e9ment national marchent \u00e0 l&#8217;appui des membres de la STTP&#8221;<\/span><\/a><\/p>\n","protected":false},"author":3,"featured_media":0,"comment_status":"open","ping_status":"open","sticky":false,"template":"","format":"standard","meta":{"_links_to":"","_links_to_target":""},"categories":[],"tags":[],"_links":{"self":[{"href":"https:\/\/www.unesen.ca\/press\/index.php?rest_route=\/wp\/v2\/posts\/347"}],"collection":[{"href":"https:\/\/www.unesen.ca\/press\/index.php?rest_route=\/wp\/v2\/posts"}],"about":[{"href":"https:\/\/www.unesen.ca\/press\/index.php?rest_route=\/wp\/v2\/types\/post"}],"author":[{"embeddable":true,"href":"https:\/\/www.unesen.ca\/press\/index.php?rest_route=\/wp\/v2\/users\/3"}],"replies":[{"embeddable":true,"href":"https:\/\/www.unesen.ca\/press\/index.php?rest_route=%2Fwp%2Fv2%2Fcomments&post=347"}],"version-history":[{"count":1,"href":"https:\/\/www.unesen.ca\/press\/index.php?rest_route=\/wp\/v2\/posts\/347\/revisions"}],"predecessor-version":[{"id":3595,"href":"https:\/\/www.unesen.ca\/press\/index.php?rest_route=\/wp\/v2\/posts\/347\/revisions\/3595"}],"wp:attachment":[{"href":"https:\/\/www.unesen.ca\/press\/index.php?rest_route=%2Fwp%2Fv2%2Fmedia&parent=347"}],"wp:term":[{"taxonomy":"category","embeddable":true,"href":"https:\/\/www.unesen.ca\/press\/index.php?rest_route=%2Fwp%2Fv2%2Fcategories&post=347"},{"taxonomy":"post_tag","embeddable":true,"href":"https:\/\/www.unesen.ca\/press\/index.php?rest_route=%2Fwp%2Fv2%2Ftags&post=347"}],"curies":[{"name":"wp","href":"https:\/\/api.w.org\/{rel}","templated":true}]}}