{"id":3385,"date":"2014-02-25T16:15:24","date_gmt":"2014-02-25T16:15:24","guid":{"rendered":"http:\/\/fr.une-sen.org\/news\/?p=3385"},"modified":"2014-02-26T14:32:03","modified_gmt":"2014-02-26T19:32:03","slug":"felicitations-section-locale-50773","status":"publish","type":"post","link":"https:\/\/www.unesen.ca\/press\/?p=3385&amp;lang=fr","title":{"rendered":"F\u00e9licitations Section locale 50773"},"content":{"rendered":"<p><img loading=\"lazy\" class=\"alignnone size-full wp-image-3386\" alt=\"cmhr_rat_f\" src=\"http:\/\/www.une-sen.org\/press\/wp-content\/uploads\/2014\/02\/cmhr_rat_f.png\" width=\"600\" height=\"400\" srcset=\"https:\/\/www.unesen.ca\/press\/wp-content\/uploads\/2014\/02\/cmhr_rat_f.png 600w, https:\/\/www.unesen.ca\/press\/wp-content\/uploads\/2014\/02\/cmhr_rat_f-300x200.png 300w\" sizes=\"(max-width: 600px) 100vw, 600px\" \/><\/p>\n<p>Le Mus\u00e9e canadien des droits de la personne a d\u2019excellentes nouvelles pour nous\u00a0: nos membres qui y travaillent viennent tout juste de ratifier leur premi\u00e8re convention collective.<\/p>\n<p>\u00ab\u00a0Le processus a \u00e9t\u00e9 long\u00a0\u00bb, admet le vice-pr\u00e9sident r\u00e9gional, Martin Kaminski. \u00ab\u00a0Cependant, il s\u2019est av\u00e9r\u00e9 tr\u00e8s positif.\u00a0\u00bb<\/p>\n<p>\u00ab\u00a0Pr\u00e8s de\u00a0100\u00a0% des membres ont vot\u00e9 en faveur de la ratification de la nouvelle convention collective\u00a0\u00bb, a dit M. Kaminski.<\/p>\n<p>\u00ab\u00a0Les membres nous ont fait part de tr\u00e8s bons commentaires\u00a0\u00bb, a expliqu\u00e9 le pr\u00e9sident de la section locale, Stephen Carney, qui faisait partie de l\u2019\u00e9quipe de n\u00e9gociation. \u00ab\u00a0Les gens sont heureux du r\u00e9sultat final.\u00a0\u00bb<\/p>\n<p>\u00c0 la lumi\u00e8re des cartes de commentaires anonymes re\u00e7ues, il est clair que les membres ont r\u00e9ellement appr\u00e9ci\u00e9 la pers\u00e9v\u00e9rance de l\u2019\u00e9quipe de n\u00e9gociation\u00a0:<\/p>\n<blockquote><p><em>\u00ab\u00a0Cela me semble tr\u00e8s bien. Merci \u00e0 [l\u2019\u00e9quipe de n\u00e9gociation]. Je suis certain qu\u2019elle a fait de son mieux et je suis tr\u00e8s satisfait\u00a0\u00bb, a \u00e9crit un membre. <\/em><\/p>\n<p><em>\u00ab\u00a0F\u00e9licitations \u00e0 l\u2019\u00e9quipe de n\u00e9gociation, qui a r\u00e9ussi \u00e0 conclure une entente \u00e9quitable!\u00a0\u00bb a \u00e9crit un autre membre. <\/em><\/p><\/blockquote>\n<p>Pour sa part, M.\u00a0Carney a dit qu\u2019il se trouvait chanceux d\u2019avoir pu participer \u00e0 l\u2019\u00e9laboration de la premi\u00e8re convention collective des employ\u00e9es\/employ\u00e9s du Mus\u00e9e.<\/p>\n<p>\u00ab\u00a0Je n\u2019avais jamais fait \u00e7a auparavant, a admis M.\u00a0Carney. J\u2019ai particip\u00e9 \u00e0 des activit\u00e9s syndicales, mais je n\u2019avais jamais travaill\u00e9 directement \u00e0 l\u2019\u00e9chelle locale ni jou\u00e9 un r\u00f4le dans un processus de n\u00e9gociation.\u00a0\u00bb<\/p>\n<p>\u00ab\u00a0Cela peut \u00eatre une exp\u00e9rience tr\u00e8s engageante. On finit par se rapprocher de ses co\u00e9quipiers.\u00a0\u00bb<\/p>\n<p>Le Mus\u00e9e canadien des droits de la personne <a href=\"http:\/\/droitsdelapersonne.ca\/la-construction-du-musee#.UwTfQPldV8E\">ouvrira officiellement en septembre\u00a02014<\/a>.<\/p>\n<p>F\u00e9licitations \u00e0 l\u2019\u00e9quipe de n\u00e9gociation\u00a0: Stephen Carney, pr\u00e9sident de la section locale, Travis Tomchuk, vice-pr\u00e9sident de la section locale, Isabelle Masson, agente des droits de la personne, Tracy Thor, repr\u00e9sentante r\u00e9gionale de l\u2019AFPC et Stephen Bedingfield, agent n\u00e9gociateur.<\/p>\n","protected":false},"excerpt":{"rendered":"<p>Le Mus\u00e9e canadien des droits de la personne a d\u2019excellentes nouvelles pour nous\u00a0: nos membres qui y travaillent viennent tout juste de ratifier leur premi\u00e8re convention collective. \u00ab\u00a0Le processus a \u00e9t\u00e9 long\u00a0\u00bb, admet le vice-pr\u00e9sident r\u00e9gional, Martin Kaminski. \u00ab\u00a0Cependant, il s\u2019est av\u00e9r\u00e9 tr\u00e8s positif.\u00a0\u00bb \u00ab\u00a0Pr\u00e8s de\u00a0100\u00a0% des membres ont vot\u00e9 en faveur de la ratification &hellip; <\/p>\n<p class=\"link-more\"><a href=\"https:\/\/www.unesen.ca\/press\/?p=3385&#038;lang=fr\" class=\"more-link\">>><span class=\"screen-reader-text\"> &#8220;F\u00e9licitations Section locale 50773&#8221;<\/span><\/a><\/p>\n","protected":false},"author":1,"featured_media":0,"comment_status":"open","ping_status":"open","sticky":false,"template":"","format":"standard","meta":{"_links_to":"","_links_to_target":""},"categories":[],"tags":[],"_links":{"self":[{"href":"https:\/\/www.unesen.ca\/press\/index.php?rest_route=\/wp\/v2\/posts\/3385"}],"collection":[{"href":"https:\/\/www.unesen.ca\/press\/index.php?rest_route=\/wp\/v2\/posts"}],"about":[{"href":"https:\/\/www.unesen.ca\/press\/index.php?rest_route=\/wp\/v2\/types\/post"}],"author":[{"embeddable":true,"href":"https:\/\/www.unesen.ca\/press\/index.php?rest_route=\/wp\/v2\/users\/1"}],"replies":[{"embeddable":true,"href":"https:\/\/www.unesen.ca\/press\/index.php?rest_route=%2Fwp%2Fv2%2Fcomments&post=3385"}],"version-history":[{"count":1,"href":"https:\/\/www.unesen.ca\/press\/index.php?rest_route=\/wp\/v2\/posts\/3385\/revisions"}],"predecessor-version":[{"id":3387,"href":"https:\/\/www.unesen.ca\/press\/index.php?rest_route=\/wp\/v2\/posts\/3385\/revisions\/3387"}],"wp:attachment":[{"href":"https:\/\/www.unesen.ca\/press\/index.php?rest_route=%2Fwp%2Fv2%2Fmedia&parent=3385"}],"wp:term":[{"taxonomy":"category","embeddable":true,"href":"https:\/\/www.unesen.ca\/press\/index.php?rest_route=%2Fwp%2Fv2%2Fcategories&post=3385"},{"taxonomy":"post_tag","embeddable":true,"href":"https:\/\/www.unesen.ca\/press\/index.php?rest_route=%2Fwp%2Fv2%2Ftags&post=3385"}],"curies":[{"name":"wp","href":"https:\/\/api.w.org\/{rel}","templated":true}]}}