{"id":3286,"date":"2014-02-06T17:32:36","date_gmt":"2014-02-06T22:32:36","guid":{"rendered":"http:\/\/www.une-sen.org\/press\/?p=3286"},"modified":"2014-02-25T15:36:58","modified_gmt":"2014-02-25T15:36:58","slug":"pinnochio-a-de-la-competition","status":"publish","type":"post","link":"https:\/\/www.unesen.ca\/press\/?p=3286&amp;lang=fr","title":{"rendered":"Pinnochio a de la comp\u00e9tition!"},"content":{"rendered":"<p><img loading=\"lazy\" class=\"alignnone size-full wp-image-3287\" title=\"PINNOCHIO\" alt=\"\" src=\"http:\/\/www.une-sen.org\/press\/wp-content\/uploads\/2014\/02\/PINNOCHIO.png\" width=\"600\" height=\"400\" srcset=\"https:\/\/www.unesen.ca\/press\/wp-content\/uploads\/2014\/02\/PINNOCHIO.png 600w, https:\/\/www.unesen.ca\/press\/wp-content\/uploads\/2014\/02\/PINNOCHIO-300x200.png 300w\" sizes=\"(max-width: 600px) 100vw, 600px\" \/><\/p>\n<p>Oups!<\/p>\n<p>Il s\u2019av\u00e8re que Tony Clement s\u2019est \u00ab\u00a0tromp\u00e9\u00a0\u00bb sur les cong\u00e9s de maladie. En fin de compte, les fonctionnaires ne prennent pas 18.26 cong\u00e9s de maladie par an, apr\u00e8s tout.<\/p>\n<p>Aujourd\u2019hui, le bureau parlementaire des budgets a publi\u00e9 un rapport indiquant que les fonctionnaires prennent en moyenne 11.52 cong\u00e9s de maladie par an.<\/p>\n<p>Pour \u00eatre clair, cette moyenne est en harmonie avec celle de nos homologues dans le secteur priv\u00e9, qui prennent 11.3 cong\u00e9s de maladie par an.<\/p>\n<p>Aidez-nous \u00e0 diffuser le message sur <a href=\"https:\/\/www.facebook.com\/Union.NE.Syndicat.EN\">Facebook<\/a> et <a href=\"twitter.com\/mon_sen\">Twitter<\/a>! laissez pas Tony mentir aux Canadiens\u2026 encore une fois!<\/p>\n","protected":false},"excerpt":{"rendered":"<p>Oups! Il s\u2019av\u00e8re que Tony Clement s\u2019est \u00ab\u00a0tromp\u00e9\u00a0\u00bb sur les cong\u00e9s de maladie. En fin de compte, les fonctionnaires ne prennent pas 18.26 cong\u00e9s de maladie par an, apr\u00e8s tout. Aujourd\u2019hui, le bureau parlementaire des budgets a publi\u00e9 un rapport indiquant que les fonctionnaires prennent en moyenne 11.52 cong\u00e9s de maladie par an. Pour \u00eatre &hellip; <\/p>\n<p class=\"link-more\"><a href=\"https:\/\/www.unesen.ca\/press\/?p=3286&#038;lang=fr\" class=\"more-link\">>><span class=\"screen-reader-text\"> &#8220;Pinnochio a de la comp\u00e9tition!&#8221;<\/span><\/a><\/p>\n","protected":false},"author":3,"featured_media":0,"comment_status":"open","ping_status":"closed","sticky":false,"template":"","format":"standard","meta":{"_links_to":"","_links_to_target":""},"categories":[],"tags":[],"_links":{"self":[{"href":"https:\/\/www.unesen.ca\/press\/index.php?rest_route=\/wp\/v2\/posts\/3286"}],"collection":[{"href":"https:\/\/www.unesen.ca\/press\/index.php?rest_route=\/wp\/v2\/posts"}],"about":[{"href":"https:\/\/www.unesen.ca\/press\/index.php?rest_route=\/wp\/v2\/types\/post"}],"author":[{"embeddable":true,"href":"https:\/\/www.unesen.ca\/press\/index.php?rest_route=\/wp\/v2\/users\/3"}],"replies":[{"embeddable":true,"href":"https:\/\/www.unesen.ca\/press\/index.php?rest_route=%2Fwp%2Fv2%2Fcomments&post=3286"}],"version-history":[{"count":1,"href":"https:\/\/www.unesen.ca\/press\/index.php?rest_route=\/wp\/v2\/posts\/3286\/revisions"}],"predecessor-version":[{"id":3373,"href":"https:\/\/www.unesen.ca\/press\/index.php?rest_route=\/wp\/v2\/posts\/3286\/revisions\/3373"}],"wp:attachment":[{"href":"https:\/\/www.unesen.ca\/press\/index.php?rest_route=%2Fwp%2Fv2%2Fmedia&parent=3286"}],"wp:term":[{"taxonomy":"category","embeddable":true,"href":"https:\/\/www.unesen.ca\/press\/index.php?rest_route=%2Fwp%2Fv2%2Fcategories&post=3286"},{"taxonomy":"post_tag","embeddable":true,"href":"https:\/\/www.unesen.ca\/press\/index.php?rest_route=%2Fwp%2Fv2%2Ftags&post=3286"}],"curies":[{"name":"wp","href":"https:\/\/api.w.org\/{rel}","templated":true}]}}