{"id":3269,"date":"2014-02-05T16:24:32","date_gmt":"2014-02-05T21:24:32","guid":{"rendered":"http:\/\/www.une-sen.org\/press\/?p=3269"},"modified":"2014-02-25T15:37:58","modified_gmt":"2014-02-25T15:37:58","slug":"tournes-vers-lavenir","status":"publish","type":"post","link":"https:\/\/www.unesen.ca\/press\/?p=3269&amp;lang=fr","title":{"rendered":"Tourn\u00e9s vers l\u2019avenir"},"content":{"rendered":"<p><img loading=\"lazy\" class=\"alignnone size-full wp-image-3270\" title=\"oc_sem_wrapup_f\" alt=\"\" src=\"http:\/\/www.une-sen.org\/press\/wp-content\/uploads\/2014\/02\/oc_sem_wrapup_f.png\" width=\"600\" height=\"400\" srcset=\"https:\/\/www.unesen.ca\/press\/wp-content\/uploads\/2014\/02\/oc_sem_wrapup_f.png 600w, https:\/\/www.unesen.ca\/press\/wp-content\/uploads\/2014\/02\/oc_sem_wrapup_f-300x200.png 300w\" sizes=\"(max-width: 600px) 100vw, 600px\" \/><\/p>\n<p>La r\u00e9gion Hors Canada a tenu son colloque r\u00e9gional le week-end dernier. La r\u00e9gion comprend des membres syndiqu\u00e9s qui travaillent aux minist\u00e8res anciennement connus sous le nom de minist\u00e8re des Affaires \u00e9trang\u00e8res et du Commerce international, de l\u2019Agence canadienne de d\u00e9veloppement international et de P\u0251sseport Canada.<\/p>\n<p>Comme il y a eu d\u2019importantes modifications au sein de ces minist\u00e8res, les sujets de discussion ne manquaient pas.<\/p>\n<p>\u00ab\u00a0P\u0251sseport Canada se s\u00e9pare en deux et l\u2019ACDI fusionne avec le MAECD. Je pense qu\u2019il est juste de dire que ma r\u00e9gion est touch\u00e9e\u00a0\u00bb, a dit le vice-pr\u00e9sident r\u00e9gional adjoint, Karl Lafreni\u00e8re.<\/p>\n<p>M.\u00a0Lafreni\u00e8re a soulign\u00e9 que la section locale de l\u2019ACDI a \u00e9t\u00e9 particuli\u00e8rement touch\u00e9e; elle est devenue la plus petite section locale de sa r\u00e9gion, place anciennement occup\u00e9e par sa section locale de P\u0251sseport Canada.<\/p>\n<p>\u00ab\u00a0Comme les deux organismes fusionnent, on ne peut s\u2019emp\u00eacher de craindre de possibles compressions budg\u00e9taires\u00a0\u00bb, a expliqu\u00e9 le pr\u00e9sident de la section locale, Gordon McAllister, qui repr\u00e9sente les membres du MAECD. Cela dit, il est convaincu que le colloque du week-end dernier a pav\u00e9 la voie vers un meilleur avenir pour les membres du MAECD et de l\u2019ACDI.<\/p>\n<p>\u00ab\u00a0Sur une note plus positive, les deux sections locales ont accept\u00e9 de travailler en \u00e9troite collaboration, a expliqu\u00e9 M. McAllister. J\u2019ai invit\u00e9 leurs dirigeants \u00e0 notre prochaine assembl\u00e9e g\u00e9n\u00e9rale annuelle.\u00a0\u00bb<\/p>\n<p>Il planifie \u00e9galement d\u2019autres r\u00e9unions conjointes de la section locale de l\u2019ACDI pour mieux comprendre les enjeux de chaque milieu de travail.<\/p>\n<p>\u00ab\u00a0De mon point de vue, c\u2019est l\u2019un des grand succ\u00e8s de ce colloque; d\u2019avoir une \u00e9troite collaboration entre ces deux sections locales.\u00a0\u00bb<\/p>\n<p>Autre fait notable au sujet de ce colloque\u00a0: les jeunes travailleuses\/travailleurs se sont pr\u00e9sent\u00e9s en grand nombre. Pour Anna Borgognoni, jeune travailleuse de la section locale 70044, ce colloque a \u00e9t\u00e9 son bapt\u00eame du SEN.<\/p>\n<p>\u00ab\u00a0En me pr\u00e9sentant \u00e0 l\u2019\u00e9v\u00e9nement, j\u2019\u00e9tais tr\u00e8s nerveuse et je ne savais pas \u00e0 quoi m\u2019attendre, a admis Mme\u00a0Borgognoni. Le groupe m\u2019a rapidement accueillie, m\u2019a fourni des renseignements, a r\u00e9pondu \u00e0 toutes mes questions, et m\u2019a fait sentir que je faisais d\u00e9j\u00e0 partie de l\u2019\u00e9quipe.\u00a0\u00bb<\/p>\n<p>\u00ab\u00a0C\u2019est la premi\u00e8re fois que je go\u00fbtais aux activit\u00e9s syndicales, moi qui suis nouvelle dans le domaine, et j\u2019ai bien appr\u00e9ci\u00e9.\u00a0\u00bb<\/p>\n<p>M<sup>me<\/sup> Borgognoni ajoute qu\u2019elle a plus particuli\u00e8rement appr\u00e9ci\u00e9 l\u2019activit\u00e9 o\u00f9 il fallait r\u00e9diger les r\u00e9solutions, le d\u00e9bat fictif qui a suivi et la s\u00e9ance de remue-m\u00e9ninges pour les campagnes de sensibilisation.<\/p>\n<p>\u00ab\u00a0L\u2019expos\u00e9 de samedi sur Twitter et celui de dimanche sur l\u2019action politique ont fait sensation\u00a0\u00bb, a d\u00e9clar\u00e9 la vice-pr\u00e9sidente r\u00e9gionale, Heather Brooker.<\/p>\n<p>\u00ab\u00a0La foule \u00e9tait tellement enthousiaste! Je crois qu\u2019il est clair que l\u2019action politique par les m\u00e9dias sociaux, c\u2019est notre avenir.\u00a0\u00bb<\/p>\n<p>Karl Lafreni\u00e8re a rench\u00e9ri en disant que, selon lui, ses membres ont pu faire le lien entre les deux expos\u00e9s.<\/p>\n<p>\u00ab\u00a0Les gens ne savent pas combien d\u2019outils nous avons au bout des doigts pour communiquer avec nos membres, a\u00ad\u2011t\u2011il d\u00e9clar\u00e9. Au moins dix personnes m\u2019ont dit qu\u2019elles repartaient avec des id\u00e9es g\u00e9niales; je sais qu\u2019elles sont li\u00e9es aux m\u00e9dias sociaux.\u00a0\u00bb<\/p>\n<p>\u00ab\u00a0Les gens \u00e9taient tr\u00e8s heureux. Tout \u00e7a leur a donn\u00e9 de l\u2019\u00e9nergie.\u00a0\u00bb<\/p>\n<p>Au cas o\u00f9 vous auriez l\u2019impression que le colloque s\u2019est pass\u00e9 sans incident, rappelons que, samedi, les responsables de l\u2019h\u00f4tel ont transf\u00e9r\u00e9 une famille enti\u00e8re dans notre suite de r\u00e9ception. A\u00efe!<\/p>\n<p>Heureusement, le probl\u00e8me a \u00e9t\u00e9 r\u00e9gl\u00e9 et les membres ont pu passer du bon temps ensemble sans d\u00e9ranger des inconnus qui essayent de dormir.<\/p>\n<p>\u00ab\u00a0Habituellement, les trois sections locales n\u2019ont pas beaucoup d\u2019occasions de se r\u00e9unir, a expliqu\u00e9 M.\u00a0Lafreni\u00e8re. C\u2019\u00e9tait bien de pouvoir \u00e9changer.\u00a0\u00bb<\/p>\n<p><em><a href=\"http:\/\/www.flickr.com\/photos\/element_national_component\/sets\/72157640553826835\/\">Psst! Nous avons des photos du colloque sur notre page Flickr.<\/a><\/em><\/p>\n","protected":false},"excerpt":{"rendered":"<p>La r\u00e9gion Hors Canada a tenu son colloque r\u00e9gional le week-end dernier. La r\u00e9gion comprend des membres syndiqu\u00e9s qui travaillent aux minist\u00e8res anciennement connus sous le nom de minist\u00e8re des Affaires \u00e9trang\u00e8res et du Commerce international, de l\u2019Agence canadienne de d\u00e9veloppement international et de P\u0251sseport Canada. Comme il y a eu d\u2019importantes modifications au sein &hellip; <\/p>\n<p class=\"link-more\"><a href=\"https:\/\/www.unesen.ca\/press\/?p=3269&#038;lang=fr\" class=\"more-link\">>><span class=\"screen-reader-text\"> &#8220;Tourn\u00e9s vers l\u2019avenir&#8221;<\/span><\/a><\/p>\n","protected":false},"author":3,"featured_media":0,"comment_status":"open","ping_status":"closed","sticky":false,"template":"","format":"standard","meta":{"_links_to":"","_links_to_target":""},"categories":[],"tags":[],"_links":{"self":[{"href":"https:\/\/www.unesen.ca\/press\/index.php?rest_route=\/wp\/v2\/posts\/3269"}],"collection":[{"href":"https:\/\/www.unesen.ca\/press\/index.php?rest_route=\/wp\/v2\/posts"}],"about":[{"href":"https:\/\/www.unesen.ca\/press\/index.php?rest_route=\/wp\/v2\/types\/post"}],"author":[{"embeddable":true,"href":"https:\/\/www.unesen.ca\/press\/index.php?rest_route=\/wp\/v2\/users\/3"}],"replies":[{"embeddable":true,"href":"https:\/\/www.unesen.ca\/press\/index.php?rest_route=%2Fwp%2Fv2%2Fcomments&post=3269"}],"version-history":[{"count":1,"href":"https:\/\/www.unesen.ca\/press\/index.php?rest_route=\/wp\/v2\/posts\/3269\/revisions"}],"predecessor-version":[{"id":3374,"href":"https:\/\/www.unesen.ca\/press\/index.php?rest_route=\/wp\/v2\/posts\/3269\/revisions\/3374"}],"wp:attachment":[{"href":"https:\/\/www.unesen.ca\/press\/index.php?rest_route=%2Fwp%2Fv2%2Fmedia&parent=3269"}],"wp:term":[{"taxonomy":"category","embeddable":true,"href":"https:\/\/www.unesen.ca\/press\/index.php?rest_route=%2Fwp%2Fv2%2Fcategories&post=3269"},{"taxonomy":"post_tag","embeddable":true,"href":"https:\/\/www.unesen.ca\/press\/index.php?rest_route=%2Fwp%2Fv2%2Ftags&post=3269"}],"curies":[{"name":"wp","href":"https:\/\/api.w.org\/{rel}","templated":true}]}}