{"id":3235,"date":"2014-01-30T21:22:24","date_gmt":"2014-01-31T02:22:24","guid":{"rendered":"http:\/\/fr.une-sen.org\/press\/?p=3235"},"modified":"2014-03-06T14:29:41","modified_gmt":"2014-03-06T19:29:41","slug":"preparez-vous-le-congres-approche","status":"publish","type":"post","link":"https:\/\/www.unesen.ca\/press\/?p=3235&amp;lang=fr","title":{"rendered":"Pr\u00e9parez-vous, le congr\u00e8s approche!"},"content":{"rendered":"<p><img loading=\"lazy\" class=\"alignnone size-full wp-image-3237\" title=\"conv_2014_f\" alt=\"\" src=\"http:\/\/www.une-sen.org\/press\/wp-content\/uploads\/2014\/01\/conv_2014_f1.png\" width=\"600\" height=\"400\" srcset=\"https:\/\/www.unesen.ca\/press\/wp-content\/uploads\/2014\/01\/conv_2014_f1.png 600w, https:\/\/www.unesen.ca\/press\/wp-content\/uploads\/2014\/01\/conv_2014_f1-300x200.png 300w\" sizes=\"(max-width: 600px) 100vw, 600px\" \/><\/p>\n<p><span style=\"font-size: 16px;\">Cela r\u00e9sume <a href=\"..\/events\/convention\/2014\/callout_f.pdf\">la lettre d&#8217;invitation<\/a>, envoy\u00e9e aujourd&#8217;hui, annon\u00e7ant officiellement le d\u00e9but imminent du congr\u00e8s de 2014. Cette ann\u00e9e, le congr\u00e8s aura lieu \u00e0 Victoria, en Colombie-Britannique, du 10 au 15\u00a0ao\u00fbt.<\/span><\/p>\n<p>La <a href=\"..\/events\/convention\/2014\/callout_f.pdf\">lettre d&#8217;invitation<\/a> a \u00e9t\u00e9 envoy\u00e9e \u00e0 toutes les sections locales au d\u00e9but de la journ\u00e9e \u2013 elle renferme des renseignements importants \u00e0 l&#8217;intention de toutes les sections locales qui souhaitent participer au congr\u00e8s (donc, pour toutes les sections locales!).<\/p>\n<p>\u00ab\u00a0\u00c0 ce stade, la conformit\u00e9 de chaque section locale devrait constituer la priorit\u00e9, a d\u00e9clar\u00e9 le pr\u00e9sident national, Doug\u00a0Marshall. La prochaine \u00e9tape consistera \u00e0 tenir des \u00e9lections en vue de la nomination des d\u00e9l\u00e9gu\u00e9es et d\u00e9l\u00e9gu\u00e9s au congr\u00e8s, ainsi qu&#8217;\u00e0 commencer \u00e0 r\u00e9fl\u00e9chir aux r\u00e9solutions qui devraient \u00eatre pr\u00e9sent\u00e9es au congr\u00e8s.\u00a0\u00bb<\/p>\n<p>Une lettre traitant exclusivement des r\u00e9solutions vous sera envoy\u00e9e sous peu.<\/p>\n<p>Le Syndicat des employ\u00e9es et employ\u00e9s nationaux a \u00e9galement pr\u00e9par\u00e9<a href=\"..\/events\/convention\/2014\/conv_pak_f.pdf\"> une trousse d&#8217;inscription au congr\u00e8s<\/a> qui vient compl\u00e9ter la lettre d&#8217;invitation. Cette trousse renferme une liste de v\u00e9rification fort utile \u00e0 l&#8217;intention des sections locales et des d\u00e9l\u00e9gu\u00e9es et d\u00e9l\u00e9gu\u00e9s, de m\u00eame que l&#8217;ensemble des formulaires dont auront besoin les d\u00e9l\u00e9gu\u00e9es et d\u00e9l\u00e9gu\u00e9s, les suppl\u00e9antes et suppl\u00e9ants, ainsi que les observatrices et observateurs.\u00a0 Les personnes qui n&#8217;ont encore jamais mis les pieds sur l&#8217;\u00eele de Vancouver seront heureuses d&#8217;apprendre que la trousse renferme aussi des photos \u00e9poustouflantes de Victoria.<\/p>\n<p>\u00c9tant donn\u00e9 qu&#8217;un congr\u00e8s aura lieu cette ann\u00e9e, nous encourageons tous nos membres \u00e0 consulter r\u00e9guli\u00e8rement leurs courriels et notre site Web pour obtenir plus de renseignements. Vous ne voulez rien manquer? Suivez-nous sur <a href=\"https:\/\/www.facebook.com\/Union.NE.Syndicat.EN\">Facebook<\/a> et <a href=\"https:\/\/twitter.com\/mon_sen\">Twitter<\/a> ou abonnez-vous \u00e0 notre <a href=\"http:\/\/www.une-sen.org\/featured\/mc_newsletter\/index.php?lang=fr\">bulletin \u00e9lectronique<\/a>.<\/p>\n<p>Les membres qui souhaitent mettre leurs coordonn\u00e9es \u00e0 jour peuvent le faire en <a href=\"http:\/\/www.une-sen.org\/documents_and_tools\/info_books_forms\/update_your_profile.php\">cliquant ici<\/a>.<\/p>\n","protected":false},"excerpt":{"rendered":"<p>Cela r\u00e9sume la lettre d&#8217;invitation, envoy\u00e9e aujourd&#8217;hui, annon\u00e7ant officiellement le d\u00e9but imminent du congr\u00e8s de 2014. Cette ann\u00e9e, le congr\u00e8s aura lieu \u00e0 Victoria, en Colombie-Britannique, du 10 au 15\u00a0ao\u00fbt. La lettre d&#8217;invitation a \u00e9t\u00e9 envoy\u00e9e \u00e0 toutes les sections locales au d\u00e9but de la journ\u00e9e \u2013 elle renferme des renseignements importants \u00e0 l&#8217;intention de &hellip; <\/p>\n<p class=\"link-more\"><a href=\"https:\/\/www.unesen.ca\/press\/?p=3235&#038;lang=fr\" class=\"more-link\">>><span class=\"screen-reader-text\"> &#8220;Pr\u00e9parez-vous, le congr\u00e8s approche!&#8221;<\/span><\/a><\/p>\n","protected":false},"author":3,"featured_media":0,"comment_status":"open","ping_status":"closed","sticky":false,"template":"","format":"standard","meta":{"_links_to":"","_links_to_target":""},"categories":[],"tags":[],"_links":{"self":[{"href":"https:\/\/www.unesen.ca\/press\/index.php?rest_route=\/wp\/v2\/posts\/3235"}],"collection":[{"href":"https:\/\/www.unesen.ca\/press\/index.php?rest_route=\/wp\/v2\/posts"}],"about":[{"href":"https:\/\/www.unesen.ca\/press\/index.php?rest_route=\/wp\/v2\/types\/post"}],"author":[{"embeddable":true,"href":"https:\/\/www.unesen.ca\/press\/index.php?rest_route=\/wp\/v2\/users\/3"}],"replies":[{"embeddable":true,"href":"https:\/\/www.unesen.ca\/press\/index.php?rest_route=%2Fwp%2Fv2%2Fcomments&post=3235"}],"version-history":[{"count":1,"href":"https:\/\/www.unesen.ca\/press\/index.php?rest_route=\/wp\/v2\/posts\/3235\/revisions"}],"predecessor-version":[{"id":3376,"href":"https:\/\/www.unesen.ca\/press\/index.php?rest_route=\/wp\/v2\/posts\/3235\/revisions\/3376"}],"wp:attachment":[{"href":"https:\/\/www.unesen.ca\/press\/index.php?rest_route=%2Fwp%2Fv2%2Fmedia&parent=3235"}],"wp:term":[{"taxonomy":"category","embeddable":true,"href":"https:\/\/www.unesen.ca\/press\/index.php?rest_route=%2Fwp%2Fv2%2Fcategories&post=3235"},{"taxonomy":"post_tag","embeddable":true,"href":"https:\/\/www.unesen.ca\/press\/index.php?rest_route=%2Fwp%2Fv2%2Ftags&post=3235"}],"curies":[{"name":"wp","href":"https:\/\/api.w.org\/{rel}","templated":true}]}}