{"id":3224,"date":"2014-01-30T18:21:36","date_gmt":"2014-01-30T23:21:36","guid":{"rendered":"http:\/\/www.une-sen.org\/press\/?p=3224"},"modified":"2014-02-25T15:39:37","modified_gmt":"2014-02-25T15:39:37","slug":"quest-il-arrive-a-africville","status":"publish","type":"post","link":"https:\/\/www.unesen.ca\/press\/?p=3224&amp;lang=fr","title":{"rendered":"Qu\u2019est-il arriv\u00e9 \u00e0 Africville?"},"content":{"rendered":"<p><img loading=\"lazy\" class=\"alignnone size-full wp-image-3225\" title=\"africville_f\" alt=\"\" src=\"http:\/\/www.une-sen.org\/press\/wp-content\/uploads\/2014\/01\/africville_f2.png\" width=\"600\" height=\"400\" srcset=\"https:\/\/www.unesen.ca\/press\/wp-content\/uploads\/2014\/01\/africville_f2.png 600w, https:\/\/www.unesen.ca\/press\/wp-content\/uploads\/2014\/01\/africville_f2-300x200.png 300w\" sizes=\"(max-width: 600px) 100vw, 600px\" \/><\/p>\n<p><strong><em>Un article \u00e9crit par C\u00e9line Ahodekon<\/em><\/strong><\/p>\n<p>Quand Ben Ren\u00e9, agent de communication du SEN, m\u2019a demand\u00e9 r\u00e9cemment d\u2019\u00e9crire un article sur le sujet, je n\u2019avais jamais entendu parler de la collectivit\u00e9 noire d\u2019Africville. J\u2019ai d\u00e9couvert, \u00e0 ma grande stup\u00e9faction, qu\u2019on avait viol\u00e9 des \u00a0droits fondamentaux des gens de cette collectivit\u00e9, et que cela s\u2019est pass\u00e9 il n\u2019y a pas si longtemps que \u00e7a.<\/p>\n<p>Fermez les yeux un instant et imaginez la sc\u00e8ne\u00a0: la maison dans laquelle vous vivez va \u00eatre ras\u00e9e parce que quelqu\u2019un, quelque part, a jug\u00e9 que vos conditions de vie ne lui conviendraient pas. Mais cette personne ne vous prive pas seulement de votre maison, elle vous prive \u00e9galement de votre terre.<\/p>\n<p>Comment vous sentez-vous?<\/p>\n<p>Eh bien, c\u2019est exactement ce qui s\u2019est pass\u00e9 dans la plus ancienne et la plus importante collectivit\u00e9 noire d\u2019Halifax \u2013 Africville \u2013, qui s\u2019\u00e9tait \u00e9tablie dans la ville plus d\u2019un si\u00e8cle plus t\u00f4t.<\/p>\n<p>Il faut dire que la collectivit\u00e9 noire d\u2019Africville devait se d\u00e9brouiller sans des services de base comme l\u2019eau potable, des routes pav\u00e9es ou l\u2019\u00e9lectricit\u00e9; pourtant, elle se tirait bien d\u2019affaire \u2013 jusqu\u2019\u00e0 ce que le conseil municipal d\u2019Halifax d\u00e9clare qu\u2019Africville est un bidonville et envoie des camions \u00e0 benne pour y faire le m\u00e9nage. Et c\u2019est ainsi que la population d\u2019Africville est arriv\u00e9e dans son nouveau lieu de r\u00e9sidence\u2026 dans la benne d\u2019un camion<sup>1<\/sup>.<\/p>\n<p>Un homme qui sortait de l\u2019h\u00f4pital a d\u00e9couvert \u00e0 sa sortie qu\u2019il n\u2019avait plus de maison<sup>2<\/sup>.<\/p>\n<p>C\u2019est toute la collectivit\u00e9 qui a \u00e9t\u00e9 an\u00e9antie. Paradoxalement, les r\u00e9sidents arrach\u00e9s \u00e0 leur maison ont d\u00fb s\u2019installer dans des logements publics eux-m\u00eames abandonn\u00e9s<sup>3<\/sup>. Comment cela a-t-il \u00e9t\u00e9 possible? Les gouvernements ne devraient-ils pas toujours tenter d\u2019am\u00e9liorer les choses?<\/p>\n<p>Dans le cas qui nous occupe, les habitants d\u2019Africville sont pass\u00e9s de conditions de vie m\u00e9diocres \u00e0 des conditions de vie encore pires\u2026<\/p>\n<p>\u00c0 mon avis, ce que les autres disent importe peu\u00a0: le chez-soi, c\u2019est le lieu o\u00f9 vivent nos souvenirs. Africville, c\u2019\u00e9tait le chez-soi de ces gens. C\u2019\u00e9tait peut-\u00eatre un des pires bidonvilles du pays, c\u2019\u00e9tait quand m\u00eame un milieu de vie pour ses r\u00e9sidents.<\/p>\n<p>Un ancien r\u00e9sident r\u00e9sume la situation de cette fa\u00e7on\u00a0: \u00ab\u00a0Nous n\u2019avons pas seulement perdu le toit au-dessus de nos t\u00eates\u00a0: la collectivit\u00e9 noire d\u2019Africville a perdu sa joie de vivre, sa culture, son identit\u00e9 et, en cons\u00e9quence, son \u00e2me<sup>4<\/sup>.\u00a0\u00bb<\/p>\n<p>\u00ab\u00a0Les habitants d\u2019Africville ne pouvaient pas compter sur une organisation qui aurait d\u00e9fendu ses droits\u00a0\u00bb, affirme un participant dans un documentaire<sup>5<\/sup>. Encore une fois, chers confr\u00e8res et ch\u00e8res cons\u0153urs, cet \u00e9pisode me rappelle que, pour gagner une bataille, nous devons nous serrer les coudes et montrer qu\u2019une attaque contre un est une attaque contre tous.<\/p>\n<p>Ensemble, nous sommes plus forts!<\/p>\n<p>Quel \u00e9tait le v\u00e9ritable motif de la destruction du quartier noir d\u2019Africville, \u00e0 Halifax (Nouvelle-\u00c9cosse) et du d\u00e9placement de ses habitants? Nous ne le saurons jamais vraiment. Toutefois, bien des choses ont chang\u00e9 depuis. Le site d\u2019Africville est aujourd\u2019hui un parc. Et les gens qui ont \u00e9t\u00e9 \u00e9vinc\u00e9s subissent toujours les contrecoups de la perte de leur chez-soi.<\/p>\n<p>Chers confr\u00e8res, ch\u00e8res cons\u0153urs, f\u00e9vrier est le Mois de l\u2019histoire des Noirs. Profitons de l\u2019occasion pour lire et en apprendre davantage sur le parcours, l\u2019histoire et les r\u00e9alisations des Noirs du Canada.<\/p>\n<p><em>C\u00e9line Ahodekon est repr\u00e9sentante du groupe d\u2019\u00e9quit\u00e9 des minorit\u00e9s visibles pour le Syndicat national des employ\u00e9es et employ\u00e9s nationaux. Elle est \u00e9galement d\u00e9l\u00e9gu\u00e9e syndicale de la section locale 20278, dont les membres sont les employ\u00e9s du Lieu historique national du Fort-Langley et le bureau de parcs \u00e0 Vancouver, en Colombie-Britannique.<\/em><\/p>\n<p><em>C\u00e9line dit qu\u2019elle se fait souvent demander, \u00e0 Fort-Langley, si elle est historienne. La question la fait rire, et elle r\u00e9pond\u00a0:\u00a0\u00ab\u00a0Je suis une femme d\u2019affaires. J\u2019ai un dipl\u00f4me en administration des affaires avec concentration en vente et marketing de l\u2019Universit\u00e9 Laval. Je peux tout vendre, si je crois au produit et s\u2019il m\u2019inspire confiance.\u00a0\u00bb<\/em><\/p>\n<p><em>\u00ab\u00a0Je crois qu\u2019il faut prot\u00e9ger le riche et magnifique patrimoine naturel et culturel du Canada afin que les Canadiennes et les Canadiens en profitent aujourd\u2019hui et dans les ann\u00e9es \u00e0 venir.\u00a0\u00bb<\/em><\/p>\n<p><em>Si vous d\u00e9sirez en apprendre davantage sur Africville, M<sup>me<\/sup> Ahodekon vous propose de visionner\u00a0 le film <a href=\"http:\/\/www.nfb.ca\/film\/remember_africville\">Remember Africville<\/a> (en anglais) de Shelagh Mackenzie, d\u2019une dur\u00e9e de 35 minutes, \u00e0 partir du <a title=\"http:\/\/www.nfb.ca\/film\/remember_africville\" href=\"http:\/\/www.nfb.ca\/film\/remember_africville\">site de l\u2019Office national du film du Canada<\/a>. Nous vous encourageons \u00e9galement \u00e0 suivre les hyperliens figurant dans les notes de bas de page.<\/em><\/p>\n<hr \/>\n<p><span style=\"font-size: 16px;\">[1] Encyclop\u00e9die canadienne, <\/span><a style=\"font-size: 16px;\" href=\"http:\/\/www.thecanadianencyclopedia.ca\/en\/article\/africville\/\">Africville<\/a><span style=\"font-size: 16px;\">. (en anglais)<br \/>\n<\/span><span style=\"font-size: 16px;\">[2] <\/span><em>Idem<br \/>\n<\/em><span style=\"font-size: 16px;\">[3] <\/span><em>Idem<br \/>\n<\/em><span style=\"font-size: 16px;\">[4] Archives num\u00e9riques de la SRC, <\/span><a style=\"font-size: 16px;\" href=\"https:\/\/www.google.ca\/url?sa=t&amp;rct=j&amp;q=&amp;esrc=s&amp;source=web&amp;cd=2&amp;cad=rja&amp;ved=0CDAQFjAB&amp;url=http%3A%2F%2Fwww.cbc.ca%2Farchives%2Fcategories%2Fsociety%2Fracism%2Fafricville-expropriating-black-nova-scotians%2Fofficials-hail-relocation.html&amp;ei=8WbqUrky55_ZBdHSg\">Officials hail Africville relocation<\/a><span style=\"font-size: 16px;\">. (en anglais)<br \/>\n<\/span><span style=\"font-size: 16px;\">[5] <\/span><em>Idem<\/em><\/p>\n","protected":false},"excerpt":{"rendered":"<p>Un article \u00e9crit par C\u00e9line Ahodekon Quand Ben Ren\u00e9, agent de communication du SEN, m\u2019a demand\u00e9 r\u00e9cemment d\u2019\u00e9crire un article sur le sujet, je n\u2019avais jamais entendu parler de la collectivit\u00e9 noire d\u2019Africville. J\u2019ai d\u00e9couvert, \u00e0 ma grande stup\u00e9faction, qu\u2019on avait viol\u00e9 des \u00a0droits fondamentaux des gens de cette collectivit\u00e9, et que cela s\u2019est pass\u00e9 &hellip; <\/p>\n<p class=\"link-more\"><a href=\"https:\/\/www.unesen.ca\/press\/?p=3224&#038;lang=fr\" class=\"more-link\">>><span class=\"screen-reader-text\"> &#8220;Qu\u2019est-il arriv\u00e9 \u00e0 Africville?&#8221;<\/span><\/a><\/p>\n","protected":false},"author":3,"featured_media":0,"comment_status":"open","ping_status":"closed","sticky":false,"template":"","format":"standard","meta":{"_links_to":"","_links_to_target":""},"categories":[],"tags":[],"_links":{"self":[{"href":"https:\/\/www.unesen.ca\/press\/index.php?rest_route=\/wp\/v2\/posts\/3224"}],"collection":[{"href":"https:\/\/www.unesen.ca\/press\/index.php?rest_route=\/wp\/v2\/posts"}],"about":[{"href":"https:\/\/www.unesen.ca\/press\/index.php?rest_route=\/wp\/v2\/types\/post"}],"author":[{"embeddable":true,"href":"https:\/\/www.unesen.ca\/press\/index.php?rest_route=\/wp\/v2\/users\/3"}],"replies":[{"embeddable":true,"href":"https:\/\/www.unesen.ca\/press\/index.php?rest_route=%2Fwp%2Fv2%2Fcomments&post=3224"}],"version-history":[{"count":1,"href":"https:\/\/www.unesen.ca\/press\/index.php?rest_route=\/wp\/v2\/posts\/3224\/revisions"}],"predecessor-version":[{"id":3377,"href":"https:\/\/www.unesen.ca\/press\/index.php?rest_route=\/wp\/v2\/posts\/3224\/revisions\/3377"}],"wp:attachment":[{"href":"https:\/\/www.unesen.ca\/press\/index.php?rest_route=%2Fwp%2Fv2%2Fmedia&parent=3224"}],"wp:term":[{"taxonomy":"category","embeddable":true,"href":"https:\/\/www.unesen.ca\/press\/index.php?rest_route=%2Fwp%2Fv2%2Fcategories&post=3224"},{"taxonomy":"post_tag","embeddable":true,"href":"https:\/\/www.unesen.ca\/press\/index.php?rest_route=%2Fwp%2Fv2%2Ftags&post=3224"}],"curies":[{"name":"wp","href":"https:\/\/api.w.org\/{rel}","templated":true}]}}