{"id":3198,"date":"2014-01-22T14:17:42","date_gmt":"2014-01-22T19:17:42","guid":{"rendered":"http:\/\/www.une-sen.org\/press\/?p=3198"},"modified":"2014-02-25T15:40:56","modified_gmt":"2014-02-25T15:40:56","slug":"prix-des-droits-de-la-personne-mise-a-jour","status":"publish","type":"post","link":"https:\/\/www.unesen.ca\/press\/?p=3198&amp;lang=fr","title":{"rendered":"Prix des droits de la personne &#8211; mise \u00e0 jour!"},"content":{"rendered":"<p><img loading=\"lazy\" class=\"alignnone size-full wp-image-3199\" title=\"hraward_2014_f\" alt=\"\" src=\"http:\/\/www.une-sen.org\/press\/wp-content\/uploads\/2014\/01\/hraward_2014_f.png\" width=\"600\" height=\"400\" srcset=\"https:\/\/www.unesen.ca\/press\/wp-content\/uploads\/2014\/01\/hraward_2014_f.png 600w, https:\/\/www.unesen.ca\/press\/wp-content\/uploads\/2014\/01\/hraward_2014_f-300x200.png 300w\" sizes=\"(max-width: 600px) 100vw, 600px\" \/><\/p>\n<p>En octobre dernier, \u00e0 la Conf\u00e9rence sur les droits de la personne, Joyce\u00a0Hendy a re\u00e7u notre Prix des droits de la personne, remis chaque ann\u00e9e. Nous avons r\u00e9cemment pris des nouvelles de Joyce afin d\u2019en savoir davantage sur sa contribution au sein de notre syndicat et de lui poser des questions sur les droits de la personne.<\/p>\n<p>Avant 1990, le Comit\u00e9 des droits de la personne (ou, comme on l\u2019a d\u00e9j\u00e0 appel\u00e9, le Comit\u00e9 de la promotion de l\u2019\u00e9galit\u00e9) comprenait des repr\u00e9sentants d\u00e9sign\u00e9s plut\u00f4t que des repr\u00e9sentants \u00e9lus.<\/p>\n<p>\u00ab\u00a0Ils \u00e9taient d\u00e9sign\u00e9s par leur vice-pr\u00e9sident [r\u00e9gional] respectif ou le pr\u00e9sident national, a expliqu\u00e9 Joyce. Cette fa\u00e7on de faire pr\u00e9sentait toutefois un inconv\u00e9nient\u00a0: ils ne pouvaient pas agir comme porte\u2011parole officiel au sein de l\u2019Ex\u00e9cutif national \u2013 ils rendaient des comptes par l\u2019entremise du pr\u00e9sident national.\u00a0\u00bb<\/p>\n<p>Dans le cadre de son travail, jusqu\u2019au congr\u00e8s de 1990, Joyce\u00a0Hendy a pr\u00e9sid\u00e9 un comit\u00e9 au sein duquel le poste de vice-pr\u00e9sident des droits de la personne est devenu un poste \u00e9lu, qui a droit de parole \u00e0 l\u2019Ex\u00e9cutif national.<\/p>\n<p>En outre, le comit\u00e9 de Joyce a incit\u00e9 notre organisme \u00e0 adopter une politique claire et inclusive en mati\u00e8re d\u2019aide aux familles.<\/p>\n<p>\u00ab\u00a0[Le Syndicat des employ\u00e9es et employ\u00e9s nationaux] a \u00e9t\u00e9 l\u2019un des premiers \u00e0 se doter d\u2019une telle politique, a d\u00e9clar\u00e9 Joyce. Et il demeure un chef de file au chapitre des frais couverts par une telle politique en ce qui a trait aux obligations familiales des militants.\u00a0\u00bb<\/p>\n<p>Selon elle, la Politique d\u2019aide aux familles favorise la participation \u00e9quitable des militants ayant de telles obligations \u00e0 leur syndicat.<\/p>\n<p><strong>Le chemin parcouru<\/strong><\/p>\n<p>Beaucoup de choses ont chang\u00e9 dans le domaine des droits de la personne depuis 1987, lorsque Joyce a commenc\u00e9 \u00e0 militer \u00e0 l\u2019\u00e9chelle nationale.<\/p>\n<p>\u00ab\u00a0Les comit\u00e9s sur l\u2019\u00e9quit\u00e9 n\u2019existaient pas, a expliqu\u00e9\u00a0M<sup>me<\/sup> Hendy. La parit\u00e9 salariale n\u2019\u00e9tait pas mise en pratique, les droits des personnes gaies n\u2019\u00e9taient pas \u00e0 l\u2019ordre du jour, les questions touchant les Premi\u00e8res nations n\u2019\u00e9taient pas abord\u00e9es, et personne n\u2019a jamais estim\u00e9 que les probl\u00e8mes de sant\u00e9 mentale relevaient du domaine des droits de la personne ou que les syndicats devaient s\u2019en occuper.<\/p>\n<p>\u00ab\u00a0Le syndicat dont je suis devenue membre dans les ann\u00e9es 1980 n\u2019est pas le m\u00eame que celui que nous connaissons aujourd\u2019hui, a-t-elle rench\u00e9ri. Le changement le plus marquant a \u00e9t\u00e9 l\u2019inclusion et la participation des diff\u00e9rents groupes vis\u00e9s par l\u2019\u00e9quit\u00e9.<\/p>\n<p>\u00ab\u00a0L\u2019inclusion de tous nos membres dans le processus d\u00e9cisionnel fait de nous un meilleur syndicat.\u00a0\u00bb<\/p>\n<p><strong>Regard vers l\u2019avenir<\/strong><\/p>\n<p>\u00c0 l\u2019instar de la plupart d\u2019entre nous, Joyce\u00a0Hendy reconna\u00eet que le syndicat doit relever des d\u00e9fis de taille. Elle a soulign\u00e9 un march\u00e9 qui se mondialise de plus en plus de m\u00eame qu\u2019un climat antisyndical grandissant. Face \u00e0 ces deux\u00a0enjeux, les syndicats auront du mal \u00e0 conserver les gains qu\u2019ils ont r\u00e9alis\u00e9s.<\/p>\n<p>\u00ab\u00a0Le d\u00e9fi sera de sensibiliser nos jeunes membres, nos nouveaux membres, afin qu\u2019ils soient inform\u00e9s des victoires remport\u00e9es au fil des ans et des raisons pour lesquelles il faut continuer de faire progresser les choses\u00a0\u00bb, a d\u00e9clar\u00e9 M<sup>me<\/sup> Hendy.<\/p>\n<p>\u00ab\u00a0Parmi ces travailleurs, nombreux sont ceux qui ne comprennent pas \u00e0 quel point la lutte a \u00e9t\u00e9 difficile pour obtenir ces droits.\u00a0\u00bb<\/p>\n<p><a href=\"?p=2095&amp;lang=fr\"><em>Article apparent\u00e9 : Renseignez-vous au sujet de Cheryl\u00a0Aucoin, la plus r\u00e9cente laur\u00e9ate du Prix des droits de la personne en 2007.<\/em><\/a><\/p>\n","protected":false},"excerpt":{"rendered":"<p>En octobre dernier, \u00e0 la Conf\u00e9rence sur les droits de la personne, Joyce\u00a0Hendy a re\u00e7u notre Prix des droits de la personne, remis chaque ann\u00e9e. Nous avons r\u00e9cemment pris des nouvelles de Joyce afin d\u2019en savoir davantage sur sa contribution au sein de notre syndicat et de lui poser des questions sur les droits de &hellip; <\/p>\n<p class=\"link-more\"><a href=\"https:\/\/www.unesen.ca\/press\/?p=3198&#038;lang=fr\" class=\"more-link\">>><span class=\"screen-reader-text\"> &#8220;Prix des droits de la personne &#8211; mise \u00e0 jour!&#8221;<\/span><\/a><\/p>\n","protected":false},"author":3,"featured_media":0,"comment_status":"open","ping_status":"closed","sticky":false,"template":"","format":"standard","meta":{"_links_to":"","_links_to_target":""},"categories":[],"tags":[],"_links":{"self":[{"href":"https:\/\/www.unesen.ca\/press\/index.php?rest_route=\/wp\/v2\/posts\/3198"}],"collection":[{"href":"https:\/\/www.unesen.ca\/press\/index.php?rest_route=\/wp\/v2\/posts"}],"about":[{"href":"https:\/\/www.unesen.ca\/press\/index.php?rest_route=\/wp\/v2\/types\/post"}],"author":[{"embeddable":true,"href":"https:\/\/www.unesen.ca\/press\/index.php?rest_route=\/wp\/v2\/users\/3"}],"replies":[{"embeddable":true,"href":"https:\/\/www.unesen.ca\/press\/index.php?rest_route=%2Fwp%2Fv2%2Fcomments&post=3198"}],"version-history":[{"count":1,"href":"https:\/\/www.unesen.ca\/press\/index.php?rest_route=\/wp\/v2\/posts\/3198\/revisions"}],"predecessor-version":[{"id":3378,"href":"https:\/\/www.unesen.ca\/press\/index.php?rest_route=\/wp\/v2\/posts\/3198\/revisions\/3378"}],"wp:attachment":[{"href":"https:\/\/www.unesen.ca\/press\/index.php?rest_route=%2Fwp%2Fv2%2Fmedia&parent=3198"}],"wp:term":[{"taxonomy":"category","embeddable":true,"href":"https:\/\/www.unesen.ca\/press\/index.php?rest_route=%2Fwp%2Fv2%2Fcategories&post=3198"},{"taxonomy":"post_tag","embeddable":true,"href":"https:\/\/www.unesen.ca\/press\/index.php?rest_route=%2Fwp%2Fv2%2Ftags&post=3198"}],"curies":[{"name":"wp","href":"https:\/\/api.w.org\/{rel}","templated":true}]}}