{"id":319,"date":"2011-05-18T18:34:20","date_gmt":"2011-05-18T22:34:20","guid":{"rendered":"http:\/\/www.nationalcomponent.com\/press\/?p=319"},"modified":"2014-02-25T19:57:57","modified_gmt":"2014-02-25T19:57:57","slug":"journee-mondiale-de-la-diversite-culturelle-pour-le-dialogue-et-le-developpement","status":"publish","type":"post","link":"https:\/\/www.unesen.ca\/press\/?p=319&amp;lang=fr","title":{"rendered":"Journ\u00e9e mondiale de la diversit\u00e9 culturelle pour le dialogue et le d\u00e9veloppement"},"content":{"rendered":"<p><a href=\"http:\/\/www.une-sen.org\/press\/?attachment_id=320\" rel=\"attachment wp-att-320\"><img loading=\"lazy\" class=\"alignnone size-full wp-image-320\" alt=\"Journ\u00e9e mondiale de la diversit\u00e9culturelle pour le dialogue et le d\u00e9veloppement - 21 mai\" src=\"http:\/\/www.une-sen.org\/press\/wp-content\/uploads\/2012\/03\/diversity_day_f.png\" width=\"541\" height=\"360\" srcset=\"https:\/\/www.unesen.ca\/press\/wp-content\/uploads\/2012\/03\/diversity_day_f.png 541w, https:\/\/www.unesen.ca\/press\/wp-content\/uploads\/2012\/03\/diversity_day_f-300x199.png 300w\" sizes=\"(max-width: 541px) 100vw, 541px\" \/><\/a><\/p>\n<p><em>\u00ab\u00a0Source d\u2019\u00e9changes, d\u2019innovation et de cr\u00e9ativit\u00e9, la diversit\u00e9 culturelle est, pour le genre humain, aussi n\u00e9cessaire qu\u2019est la biodiversit\u00e9 dans l\u2019ordre du vivant. En ce sens, elle constitue le patrimoine commun de l\u2019humanit\u00e9 et elle doit \u00eatre reconnue et affirm\u00e9e au b\u00e9n\u00e9fice des g\u00e9n\u00e9rations pr\u00e9sentes et des g\u00e9n\u00e9rations futures.\u00a0\u00bb<\/em><\/p>\n<blockquote><p>&#8211; Tir\u00e9 de l\u2019Article 1 de la\u00a0<em>D\u00e9claration universelle de l\u2019UNESCO sur la diversit\u00e9 culturelle<\/em>, 2001<\/p><\/blockquote>\n<p>En 2002, l\u2019Assembl\u00e9e g\u00e9n\u00e9rale des Nations Unies a proclam\u00e9 le 21 mai Journ\u00e9e mondiale de la diversit\u00e9 culturelle pour le dialogue et le d\u00e9veloppement. Selon les Nations Unies, cette Journ\u00e9e est \u00ab\u00a0l\u2019occasion d\u2019approfondir nos r\u00e9flexions sur les valeurs de la diversit\u00e9 culturelle et aussi d&#8217;apprendre \u00e0 mieux \u201cvivre ensemble\u201d \u00bb.<\/p>\n<p>\u00c0 cette occasion, l\u2019UNESCO et l&#8217;Alliance des civilisations des Nations Unies ont lanc\u00e9 une campagne nomm\u00e9e \u00ab Faire quelque chose pour la diversit\u00e9 et l&#8217;inclusion \u00bb, laquelle vise \u00e0 amener un million de personnes \u00e0 travers le monde \u00e0 faire une activit\u00e9 \u00e0 l&#8217;appui de la diversit\u00e9 et l\u2019inclusion.<\/p>\n<p>Pour de plus amples d\u00e9tails sur la Journ\u00e9e mondiale de la diversit\u00e9 culturelle pour le dialogue et le d\u00e9veloppement, veuillez consulter le\u00a0<a href=\"http:\/\/www.un.org\/fr\/events\/culturaldiversityday\/index.shtml\">site web des Nations unies<\/a>.<\/p>\n","protected":false},"excerpt":{"rendered":"<p>\u00ab\u00a0Source d\u2019\u00e9changes, d\u2019innovation et de cr\u00e9ativit\u00e9, la diversit\u00e9 culturelle est, pour le genre humain, aussi n\u00e9cessaire qu\u2019est la biodiversit\u00e9 dans l\u2019ordre du vivant. En ce sens, elle constitue le patrimoine commun de l\u2019humanit\u00e9 et elle doit \u00eatre reconnue et affirm\u00e9e au b\u00e9n\u00e9fice des g\u00e9n\u00e9rations pr\u00e9sentes et des g\u00e9n\u00e9rations futures.\u00a0\u00bb &#8211; Tir\u00e9 de l\u2019Article 1 de &hellip; <\/p>\n<p class=\"link-more\"><a href=\"https:\/\/www.unesen.ca\/press\/?p=319&#038;lang=fr\" class=\"more-link\">>><span class=\"screen-reader-text\"> &#8220;Journ\u00e9e mondiale de la diversit\u00e9 culturelle pour le dialogue et le d\u00e9veloppement&#8221;<\/span><\/a><\/p>\n","protected":false},"author":3,"featured_media":0,"comment_status":"open","ping_status":"open","sticky":false,"template":"","format":"standard","meta":{"_links_to":"","_links_to_target":""},"categories":[],"tags":[],"_links":{"self":[{"href":"https:\/\/www.unesen.ca\/press\/index.php?rest_route=\/wp\/v2\/posts\/319"}],"collection":[{"href":"https:\/\/www.unesen.ca\/press\/index.php?rest_route=\/wp\/v2\/posts"}],"about":[{"href":"https:\/\/www.unesen.ca\/press\/index.php?rest_route=\/wp\/v2\/types\/post"}],"author":[{"embeddable":true,"href":"https:\/\/www.unesen.ca\/press\/index.php?rest_route=\/wp\/v2\/users\/3"}],"replies":[{"embeddable":true,"href":"https:\/\/www.unesen.ca\/press\/index.php?rest_route=%2Fwp%2Fv2%2Fcomments&post=319"}],"version-history":[{"count":1,"href":"https:\/\/www.unesen.ca\/press\/index.php?rest_route=\/wp\/v2\/posts\/319\/revisions"}],"predecessor-version":[{"id":3598,"href":"https:\/\/www.unesen.ca\/press\/index.php?rest_route=\/wp\/v2\/posts\/319\/revisions\/3598"}],"wp:attachment":[{"href":"https:\/\/www.unesen.ca\/press\/index.php?rest_route=%2Fwp%2Fv2%2Fmedia&parent=319"}],"wp:term":[{"taxonomy":"category","embeddable":true,"href":"https:\/\/www.unesen.ca\/press\/index.php?rest_route=%2Fwp%2Fv2%2Fcategories&post=319"},{"taxonomy":"post_tag","embeddable":true,"href":"https:\/\/www.unesen.ca\/press\/index.php?rest_route=%2Fwp%2Fv2%2Ftags&post=319"}],"curies":[{"name":"wp","href":"https:\/\/api.w.org\/{rel}","templated":true}]}}