{"id":3178,"date":"2014-01-16T13:02:44","date_gmt":"2014-01-16T18:02:44","guid":{"rendered":"http:\/\/www.une-sen.org\/press\/?p=3178"},"modified":"2014-02-25T16:19:23","modified_gmt":"2014-02-25T16:19:23","slug":"jour-de-martin-luther-king-jr","status":"publish","type":"post","link":"https:\/\/www.unesen.ca\/press\/?p=3178&amp;lang=fr","title":{"rendered":"Jour de Martin Luther King Jr."},"content":{"rendered":"<p><img loading=\"lazy\" class=\"alignnone size-full wp-image-3179\" title=\"mlk_2014_f\" alt=\"\" src=\"http:\/\/www.une-sen.org\/press\/wp-content\/uploads\/2014\/01\/mlk_2014_f.png\" width=\"600\" height=\"400\" srcset=\"https:\/\/www.unesen.ca\/press\/wp-content\/uploads\/2014\/01\/mlk_2014_f.png 600w, https:\/\/www.unesen.ca\/press\/wp-content\/uploads\/2014\/01\/mlk_2014_f-300x200.png 300w\" sizes=\"(max-width: 600px) 100vw, 600px\" \/><\/p>\n<p>Bien qu\u2019il s\u2019agisse principalement d\u2019une f\u00eate nationale aux \u00c9tats-Unis, le jour de Martin\u00a0Luther\u00a0King. nous donne l\u2019occasion d\u2019honorer l\u2019une des voix les plus importantes du 20<sup>e<\/sup> si\u00e8cle et un v\u00e9ritable ami du mouvement syndical.<\/p>\n<p>En tant que militants syndicaux, vous seriez peut-\u00eatre \u00e9tonn\u00e9s de d\u00e9couvrir \u00e0 quel point les syndicats passionnaient Martin Luther King Jr. En fait, il croyait fermement que le mouvement des droits civiques pouvait aider le mouvement ouvrier, et inversement.<\/p>\n<p>Martin Luther King pr\u00e9tendait que les forces oppos\u00e9es au travail organis\u00e9 \u00e9taient les m\u00eames que celles d\u00e9favorables \u00e0 tout semblant d\u2019\u00e9galit\u00e9 pour les Afro-Am\u00e9ricains.<\/p>\n<p>\u00ab\u00a0La dualit\u00e9 des int\u00e9r\u00eats des travailleurs et des Noirs cr\u00e9e une crise qui nous d\u00e9chire, une crise dont nous souffrons\u00a0\u00bb, a d\u00e9clar\u00e9 <a href=\"http:\/\/books.google.ca\/books?id=mmbqx66rsjgC&amp;pg=PT49&amp;lpg=PT49&amp;dq=%22If+the+Negro+Wins,+Labor+Wins%22&amp;source=bl&amp;ots=NhOIQ6Lk5n&amp;sig=ix-0QzjNoDnLyBgtmWGZz4NDASI&amp;hl=en&amp;sa=X&amp;ei=YoLVUu3bFsLx2QWmk4CACw&amp;ved=0CFQQ6AEwCA#v=onepage&amp;q=false%20slogans&amp;f=false\">le leader noir dans son allocution de 1961<\/a> \u00e0 la F\u00e9d\u00e9ration am\u00e9ricaine du travail et Congr\u00e8s des organisations industrielles.<\/p>\n<blockquote><p>\u00ab\u00a0Les Noirs aux \u00c9tats-Unis lisent l&#8217;histoire des syndicats et constatent qu\u2019elle refl\u00e8te leur propre exp\u00e9rience. Nous sommes confront\u00e9s \u00e0 des forces puissantes qui nous disent de compter sur la bonne volont\u00e9 et la compr\u00e9hension de ceux qui r\u00e9alisent des b\u00e9n\u00e9fices en nous exploitant. Ils d\u00e9plorent notre m\u00e9contentement, ils n&#8217;appr\u00e9cient pas notre volont\u00e9 d&#8217;organisation qui nous permettrait de garantir que l&#8217;humanit\u00e9 l&#8217;emportera et que l&#8217;\u00e9galit\u00e9 sera arrach\u00e9e de force. \u00bb<em><\/em><\/p><\/blockquote>\n<p>Martin Luther King ne m\u00e2chait pas ses mots. Le milieu syndical et les Afro-Am\u00e9ricains \u00e0 la recherche de l\u2019\u00e9quit\u00e9 affrontaient une menace commune\u00a0: les tenants de l\u2019extr\u00eame-droite. Selon lui, ces derniers mettaient en danger tout ce qui \u00e9tait convenable et juste \u00e0 propos de la vie am\u00e9ricaine.<\/p>\n<p>Et parmi ces menaces d\u2019extr\u00eame-droite se trouvait, bien s\u00fbr, la l\u00e9gislation en mati\u00e8re de droit au travail (eh oui, elle existe depuis aussi longtemps!)<\/p>\n<p>\u00ab\u00a0Nous devons veiller \u00e0 ne pas nous laisser berner par de faux slogans, tels que &#8220;droit au travail&#8221;. C&#8217;est une loi pour nous priver de nos droits civils et de notre droit au travail, <a href=\"http:\/\/www.epi.org\/publication\/martin_luther_king_on_right_to_work\/\">a dit Martin Luther King<\/a>. Son but est de d\u00e9truire les syndicats et la libert\u00e9 de la n\u00e9gociation collective gr\u00e2ce \u00e0 laquelle les syndicats ont am\u00e9lior\u00e9 les salaires et les conditions de travail de tout le monde\u00a0\u00bb.<\/p>\n<p>Toutefois, m\u00eame si les syndicats s\u2019\u00e9vertuaient \u00e0 \u00e9radiquer la discrimination, ils n\u2019\u00e9taient pas irr\u00e9prochables. Certains syndicats refusaient tout simplement d\u2019accueillir les Afro-Am\u00e9ricains dans leurs rangs; d\u2019autres membres de syndicats noirs se voyaient refuser l\u2019acc\u00e8s aux possibilit\u00e9s de formation et d\u2019\u00e9ducation.<\/p>\n<p>\u00ab\u00a0Les travailleurs, dont l&#8217;impatience face \u00e0 la justice tant attendue pour eux-m\u00eames a constitu\u00e9 une force motrice essentielle, ne peuvent manquer de comprendre l&#8217;impatience du Noir, a invoqu\u00e9 Martin Luther King. Selon une maxime du droit, justice trop longtemps diff\u00e9r\u00e9e est justice refus\u00e9e\u00a0\u00bb.<\/p>\n<p>King croyait que le mouvement ouvrier occupait une position particuli\u00e8re dans le contexte du mouvement des droits civils, et \u00e0 plus forte raison, il se devait d\u2019\u00e9liminer la discrimination chez ses membres.<\/p>\n<p>\u00ab\u00a0Le mouvement syndical \u00a0a pris des mesures pour \u00e9liminer la discrimination dans ses rangs, mais la norme que l\u2019on attend de vous est sup\u00e9rieure \u00e0 celle qui s\u2019applique \u00e0 la collectivit\u00e9 en g\u00e9n\u00e9ral\u00a0\u00bb.<\/p>\n<p>\u00ab\u00a0Votre conduite doit et peut servir d&#8217;exemple pour d&#8217;autres, comme vous l&#8217;avez fait dans d&#8217;autres croisades pour la justice sociale.\u00a0\u00bb<\/p>\n","protected":false},"excerpt":{"rendered":"<p>Bien qu\u2019il s\u2019agisse principalement d\u2019une f\u00eate nationale aux \u00c9tats-Unis, le jour de Martin\u00a0Luther\u00a0King. nous donne l\u2019occasion d\u2019honorer l\u2019une des voix les plus importantes du 20e si\u00e8cle et un v\u00e9ritable ami du mouvement syndical. En tant que militants syndicaux, vous seriez peut-\u00eatre \u00e9tonn\u00e9s de d\u00e9couvrir \u00e0 quel point les syndicats passionnaient Martin Luther King Jr. En &hellip; <\/p>\n<p class=\"link-more\"><a href=\"https:\/\/www.unesen.ca\/press\/?p=3178&#038;lang=fr\" class=\"more-link\">>><span class=\"screen-reader-text\"> &#8220;Jour de Martin Luther King Jr.&#8221;<\/span><\/a><\/p>\n","protected":false},"author":3,"featured_media":0,"comment_status":"open","ping_status":"closed","sticky":false,"template":"","format":"standard","meta":{"_links_to":"","_links_to_target":""},"categories":[],"tags":[],"_links":{"self":[{"href":"https:\/\/www.unesen.ca\/press\/index.php?rest_route=\/wp\/v2\/posts\/3178"}],"collection":[{"href":"https:\/\/www.unesen.ca\/press\/index.php?rest_route=\/wp\/v2\/posts"}],"about":[{"href":"https:\/\/www.unesen.ca\/press\/index.php?rest_route=\/wp\/v2\/types\/post"}],"author":[{"embeddable":true,"href":"https:\/\/www.unesen.ca\/press\/index.php?rest_route=\/wp\/v2\/users\/3"}],"replies":[{"embeddable":true,"href":"https:\/\/www.unesen.ca\/press\/index.php?rest_route=%2Fwp%2Fv2%2Fcomments&post=3178"}],"version-history":[{"count":1,"href":"https:\/\/www.unesen.ca\/press\/index.php?rest_route=\/wp\/v2\/posts\/3178\/revisions"}],"predecessor-version":[{"id":3401,"href":"https:\/\/www.unesen.ca\/press\/index.php?rest_route=\/wp\/v2\/posts\/3178\/revisions\/3401"}],"wp:attachment":[{"href":"https:\/\/www.unesen.ca\/press\/index.php?rest_route=%2Fwp%2Fv2%2Fmedia&parent=3178"}],"wp:term":[{"taxonomy":"category","embeddable":true,"href":"https:\/\/www.unesen.ca\/press\/index.php?rest_route=%2Fwp%2Fv2%2Fcategories&post=3178"},{"taxonomy":"post_tag","embeddable":true,"href":"https:\/\/www.unesen.ca\/press\/index.php?rest_route=%2Fwp%2Fv2%2Ftags&post=3178"}],"curies":[{"name":"wp","href":"https:\/\/api.w.org\/{rel}","templated":true}]}}