{"id":3163,"date":"2014-01-14T11:23:16","date_gmt":"2014-01-14T16:23:16","guid":{"rendered":"http:\/\/www.une-sen.org\/press\/?p=3163"},"modified":"2014-02-25T16:19:49","modified_gmt":"2014-02-25T16:19:49","slug":"mise-a-jour-sur-le-journalisme-syndical","status":"publish","type":"post","link":"https:\/\/www.unesen.ca\/press\/?p=3163&amp;lang=fr","title":{"rendered":"Mise \u00e0 jour sur le journalisme syndical"},"content":{"rendered":"<p><img loading=\"lazy\" class=\"alignnone size-full wp-image-3168\" title=\"update_memjour_F\" alt=\"\" src=\"http:\/\/www.une-sen.org\/press\/wp-content\/uploads\/2014\/01\/update_memjour_F.png\" width=\"600\" height=\"400\" srcset=\"https:\/\/www.unesen.ca\/press\/wp-content\/uploads\/2014\/01\/update_memjour_F.png 600w, https:\/\/www.unesen.ca\/press\/wp-content\/uploads\/2014\/01\/update_memjour_F-300x200.png 300w\" sizes=\"(max-width: 600px) 100vw, 600px\" \/><\/p>\n<p>Plus de la moiti\u00e9 des articles que nous publions sur notre site Web comportent des propos tenus par des membres de notre organisation, et il n\u2019est pas rare que des articles soient enti\u00e8rement r\u00e9dig\u00e9s par un d\u2019entre eux. Le saviez-vous? En effet, cette mani\u00e8re de proc\u00e9der s\u2019inscrit dans notre engagement consistant \u00e0 permettre \u00e0 un plus grand nombre de membres de se faire entendre.<\/p>\n<p>\u00ab\u00a0Nous avons d\u00e9ploy\u00e9 \u00e9norm\u00e9ment d\u2019efforts pour que notre site Web devienne en quelque sorte un site de nouvelles, explique Doug Marshall, pr\u00e9sident national. Cela se traduit notamment par le fait d\u2019\u00e9tablir un contact avec nos membres afin de recueillir leurs observations et de les mettre au c\u0153ur de nos activit\u00e9s, car ils repr\u00e9sentent la force de notre organisation. \u00bb<\/p>\n<p>\u00ab\u00a0En outre, cela rend le contenu du site beaucoup plus attrayant.\u00a0\u00bb<\/p>\n<p><img loading=\"lazy\" class=\"alignnone size-full wp-image-3164\" title=\"graph1_f\" alt=\"\" src=\"http:\/\/www.une-sen.org\/press\/wp-content\/uploads\/2014\/01\/graph1_f.png\" width=\"600\" height=\"341\" srcset=\"https:\/\/www.unesen.ca\/press\/wp-content\/uploads\/2014\/01\/graph1_f.png 600w, https:\/\/www.unesen.ca\/press\/wp-content\/uploads\/2014\/01\/graph1_f-300x170.png 300w\" sizes=\"(max-width: 600px) 100vw, 600px\" \/><\/p>\n<p>Le Syndicat des employ\u00e9es et employ\u00e9s nationaux veut encourager un plus grand nombre de membres \u00e0 prendre part \u00e0 son programme de journalisme syndical. Si vous \u00eates int\u00e9ress\u00e9s \u00e0 r\u00e9diger un article \u00e0 propos d\u2019un \u00e9v\u00e9nement auquel vous avez assist\u00e9 ou d\u2019une exp\u00e9rience que vous avez v\u00e9cue, veuillez nous le faire savoir \u00e0 l\u2019adresse suivante\u00a0: <a href=\"mailto:communications@une-sen.org\">communications@une-sen.org<\/a>.<\/p>\n<p>Ceux qui craignent d\u2019\u00eatre atteints du syndrome de la page blanche n\u2019ont pas \u00e0 s\u2019en faire\u00a0: le programme est extr\u00eamement accessible.<\/p>\n<p>\u00ab\u00a0D\u00e8s le d\u00e9part, nous \u00e9tions conscients du fait que ce n\u2019est pas tout le monde qui est \u00e0 l\u2019aise avec la r\u00e9daction de textes ou qui a le temps de s\u2019adonner \u00e0 cette activit\u00e9, pr\u00e9cise M.\u00a0Marshall. C\u2019est la raison pour laquelle nous avons toujours voulu permettre \u00e0 nos membres de jouer le r\u00f4le de source d\u2019information. Cela s\u2019est r\u00e9v\u00e9l\u00e9 \u00eatre la fa\u00e7on que nos membres privil\u00e9gient afin de contribuer au contenu du site Web. \u00bb<\/p>\n<p>De fait, il est arriv\u00e9 que des articles soient enti\u00e8rement r\u00e9dig\u00e9s \u00e0 partir de courtes entrevues t\u00e9l\u00e9phoniques. Cette fa\u00e7on de faire permet aux membres de s\u2019exprimer dans leurs propres mots, qui serviront de fondement \u00e0 des articles plus \u00e9toff\u00e9s.<\/p>\n<p><img loading=\"lazy\" class=\"alignnone size-full wp-image-3165\" title=\"graph2_f\" alt=\"\" src=\"http:\/\/www.une-sen.org\/press\/wp-content\/uploads\/2014\/01\/graph2_f.png\" width=\"600\" height=\"231\" srcset=\"https:\/\/www.unesen.ca\/press\/wp-content\/uploads\/2014\/01\/graph2_f.png 600w, https:\/\/www.unesen.ca\/press\/wp-content\/uploads\/2014\/01\/graph2_f-300x115.png 300w\" sizes=\"(max-width: 600px) 100vw, 600px\" \/><\/p>\n<p>\u00c0 ce jour, le site Web comporte pr\u00e8s de\u00a0400 articles. Si vous \u00eates int\u00e9ress\u00e9s \u00e0 obtenir de plus amples renseignements, veuillez consulter <a href=\"?p=1894&amp;lang=fr\">l\u2019article annon\u00e7ant le lancement du programme<\/a>. Pour nous faire part d\u2019une id\u00e9e d\u2019article, communiquez avec nous \u00e0 l\u2019adresse suivante\u00a0: <a href=\"mailto:communications@une-sen.org\">communications@une-sen.org<\/a>.<\/p>\n","protected":false},"excerpt":{"rendered":"<p>Plus de la moiti\u00e9 des articles que nous publions sur notre site Web comportent des propos tenus par des membres de notre organisation, et il n\u2019est pas rare que des articles soient enti\u00e8rement r\u00e9dig\u00e9s par un d\u2019entre eux. Le saviez-vous? En effet, cette mani\u00e8re de proc\u00e9der s\u2019inscrit dans notre engagement consistant \u00e0 permettre \u00e0 un &hellip; <\/p>\n<p class=\"link-more\"><a href=\"https:\/\/www.unesen.ca\/press\/?p=3163&#038;lang=fr\" class=\"more-link\">>><span class=\"screen-reader-text\"> &#8220;Mise \u00e0 jour sur le journalisme syndical&#8221;<\/span><\/a><\/p>\n","protected":false},"author":3,"featured_media":0,"comment_status":"open","ping_status":"closed","sticky":false,"template":"","format":"standard","meta":{"_links_to":"","_links_to_target":""},"categories":[],"tags":[],"_links":{"self":[{"href":"https:\/\/www.unesen.ca\/press\/index.php?rest_route=\/wp\/v2\/posts\/3163"}],"collection":[{"href":"https:\/\/www.unesen.ca\/press\/index.php?rest_route=\/wp\/v2\/posts"}],"about":[{"href":"https:\/\/www.unesen.ca\/press\/index.php?rest_route=\/wp\/v2\/types\/post"}],"author":[{"embeddable":true,"href":"https:\/\/www.unesen.ca\/press\/index.php?rest_route=\/wp\/v2\/users\/3"}],"replies":[{"embeddable":true,"href":"https:\/\/www.unesen.ca\/press\/index.php?rest_route=%2Fwp%2Fv2%2Fcomments&post=3163"}],"version-history":[{"count":1,"href":"https:\/\/www.unesen.ca\/press\/index.php?rest_route=\/wp\/v2\/posts\/3163\/revisions"}],"predecessor-version":[{"id":3402,"href":"https:\/\/www.unesen.ca\/press\/index.php?rest_route=\/wp\/v2\/posts\/3163\/revisions\/3402"}],"wp:attachment":[{"href":"https:\/\/www.unesen.ca\/press\/index.php?rest_route=%2Fwp%2Fv2%2Fmedia&parent=3163"}],"wp:term":[{"taxonomy":"category","embeddable":true,"href":"https:\/\/www.unesen.ca\/press\/index.php?rest_route=%2Fwp%2Fv2%2Fcategories&post=3163"},{"taxonomy":"post_tag","embeddable":true,"href":"https:\/\/www.unesen.ca\/press\/index.php?rest_route=%2Fwp%2Fv2%2Ftags&post=3163"}],"curies":[{"name":"wp","href":"https:\/\/api.w.org\/{rel}","templated":true}]}}