{"id":3120,"date":"2013-12-17T09:31:43","date_gmt":"2013-12-17T14:31:43","guid":{"rendered":"http:\/\/www.une-sen.org\/press\/?p=3120"},"modified":"2014-02-25T16:21:46","modified_gmt":"2014-02-25T16:21:46","slug":"que-se-passe-t-il-a-passeport-2","status":"publish","type":"post","link":"https:\/\/www.unesen.ca\/press\/?p=3120&amp;lang=fr","title":{"rendered":"Que se passe-t-il \u00e0 passeport?"},"content":{"rendered":"<p><img loading=\"lazy\" class=\"alignnone size-full wp-image-3123\" title=\"pcan_update_f\" alt=\"\" src=\"http:\/\/www.une-sen.org\/press\/wp-content\/uploads\/2013\/12\/pcan_update_f.png\" width=\"600\" height=\"400\" srcset=\"https:\/\/www.unesen.ca\/press\/wp-content\/uploads\/2013\/12\/pcan_update_f.png 600w, https:\/\/www.unesen.ca\/press\/wp-content\/uploads\/2013\/12\/pcan_update_f-300x200.png 300w\" sizes=\"(max-width: 600px) 100vw, 600px\" \/><\/p>\n<p>Vous savez tous que le gouvernement Harper a hach\u00e9 menu Passeport Canada. Nous avons des nouvelles fra\u00eeches pour les membres qui travaillent maintenant pour le programme de passeport \u00e0 Emploi et D\u00e9veloppement social Canada et \u00e0 Citoyennet\u00e9 et Immigration Canada.<\/p>\n<p><strong>Transition un jour\u2026<\/strong><\/p>\n<p>La transition en est maintenant dans sa premi\u00e8re \u00e9tape. Les responsabilit\u00e9s de Passeport Canada ont \u00e9t\u00e9 transf\u00e9r\u00e9es \u00e0 Citoyennet\u00e9 et Immigration Canada, et la prestation de services rel\u00e8ve maintenant d\u2019Emploi et D\u00e9veloppement social Canada et du minist\u00e8re des Affaires \u00e9trang\u00e8res, du Commerce et du D\u00e9veloppement.<\/p>\n<p>\u00c0 partir d\u2019avril\u00a02014, l\u2019\u00e9tape\u00a01 parviendra au point o\u00f9 les membres qui travaillent aux services internes et qui soutiennent directement les activit\u00e9s li\u00e9es aux passeports seront divis\u00e9s proportionnellement entre les deux minist\u00e8res; autrement dit, cette transition fera en sorte que certains membres qui travaillent maintenant \u00e0 Citoyennet\u00e9 et Immigration Canada seront transf\u00e9r\u00e9s \u00e0 Service Canada.<\/p>\n<p>\u00ab\u00a0Actuellement, je peux traiter avec une seule et m\u00eame personne responsable des relations de travail qui peut s\u2019occuper de tous les anciens employ\u00e9s de Passeport Canada, qu\u2019ils travaillent maintenant pour Service Canada ou pour Citoyennet\u00e9 et Immigration Canada\u00a0\u00bb, explique Rose Touhey, vice-pr\u00e9sidente r\u00e9gionale adjointe pour la r\u00e9gion Hors Canada et pr\u00e9sidente de la section locale\u00a070130. \u00ab\u00a0Apr\u00e8s le\u00a01<sup>er<\/sup> avril, ce ne sera plus possible, il n\u2019y aura plus cette int\u00e9gration.\u00a0\u00bb<\/p>\n<p>La derni\u00e8re \u00e9tape consiste r\u00e9ellement \u00e0 s\u00e9parer les activit\u00e9s du peu qui reste de Passeport Canada. Le Syndicat des employ\u00e9es et employ\u00e9s nationaux craint que cette \u00e9tape entra\u00eene l\u2019\u00e9limination de certains postes.<\/p>\n<p>\u00ab\u00a0L\u2019employeur nous a r\u00e9cemment dit que certains des postes aux services internes affect\u00e9s au programme de Passeport \u00e0 Citoyennet\u00e9 et Immigration Canada sont susceptibles d\u2019\u00eatre abolis\u00a0\u00bb, explique le pr\u00e9sident national, Doug Marshall.<\/p>\n<p>L\u2019employeur a l\u2019intention de r\u00e9aliser ces compressions en \u00e9liminant les postes vacants et par attrition \u2013 cependant, nous n\u2019avons re\u00e7u aucun chiffre pr\u00e9cis.<\/p>\n<p>\u00ab\u00a0On nous a dit, au d\u00e9but, que rien ne changerait \u2013 mais, c\u2019\u00e9tait seulement la premi\u00e8re \u00e9tape.\u00a0\u00bb<\/p>\n<p><strong>Et puis est venu cet immense grief\u2026<\/strong><\/p>\n<p>Tout a commenc\u00e9 lorsque certains employeurs ont d\u00e9cid\u00e9 de ne plus appliquer la directive du Conseil du Tr\u00e9sor selon laquelle les employ\u00e9s nomm\u00e9s pour une dur\u00e9e d\u00e9termin\u00e9e deviennent des employ\u00e9s nomm\u00e9s pour une dur\u00e9e ind\u00e9termin\u00e9e apr\u00e8s trois ann\u00e9es de service.<\/p>\n<p>\u00ab\u00a0Les employ\u00e9s nomm\u00e9s pour une p\u00e9riode d\u00e9termin\u00e9e ont d\u00e9pos\u00e9 des griefs dans tous les principaux bureaux de passeport au Canada\u00a0\u00bb, d\u00e9clare\u00a0M.\u00a0Marshall.<\/p>\n<p>Apr\u00e8s une br\u00e8ve discussion avec l\u2019employeur le\u00a06\u00a0novembre, les parties ont accept\u00e9 de combiner ces griefs en un grief collectif.<\/p>\n<p>\u00ab\u00a0L\u2019employeur et le syndicat ont \u00e9galement convenu que ces griefs seraient trait\u00e9s directement au troisi\u00e8me palier\u00a0\u00bb, ajoute M. Marshall.<\/p>\n<p>En proc\u00e9dant ainsi, nous nous assurons que toute r\u00e9ponse re\u00e7ue provient d\u2019une personne responsable du bon niveau de prise de d\u00e9cision.<\/p>\n<p>Les r\u00e9sultats de ces griefs s\u2019appliqueront \u00e0 tous les employ\u00e9s nomm\u00e9s pour une p\u00e9riode d\u00e9termin\u00e9e qui \u00e9taient auparavant employ\u00e9s par Passeport Canada et qui continuent d\u2019avoir ce statut dans le cadre du programme de passeports depuis le\u00a02\u00a0ao\u00fbt\u00a02013 \u2013 m\u00eame ceux qui n\u2019ont pas sign\u00e9 les griefs collectifs initiaux.<\/p>\n<p>\u00ab\u00a0Le probl\u00e8me le plus ahurissant dans cette affaire, c\u2019est que les employ\u00e9s de Passeport Canada n\u2019ont jamais \u00e9t\u00e9 vis\u00e9s par le gel qui a touch\u00e9 tellement d\u2019employ\u00e9s nomm\u00e9s pour une dur\u00e9e d\u00e9termin\u00e9e dans tout le Conseil du Tr\u00e9sor, d\u00e9clare M.\u00a0Marshall. Ce gel ne les avait pas touch\u00e9s parce que Passeport Canada s\u2019autofinance; le programme continue de s\u2019autofinancer. Par cons\u00e9quent, il n\u2019y a tout simplement aucune raison d\u2019appliquer tout d\u2019un coup le gel \u00e0 ces employ\u00e9s nomm\u00e9s pour une dur\u00e9e d\u00e9termin\u00e9e\u00a0\u00bb.<\/p>\n","protected":false},"excerpt":{"rendered":"<p>Vous savez tous que le gouvernement Harper a hach\u00e9 menu Passeport Canada. Nous avons des nouvelles fra\u00eeches pour les membres qui travaillent maintenant pour le programme de passeport \u00e0 Emploi et D\u00e9veloppement social Canada et \u00e0 Citoyennet\u00e9 et Immigration Canada. Transition un jour\u2026 La transition en est maintenant dans sa premi\u00e8re \u00e9tape. Les responsabilit\u00e9s de &hellip; <\/p>\n<p class=\"link-more\"><a href=\"https:\/\/www.unesen.ca\/press\/?p=3120&#038;lang=fr\" class=\"more-link\">>><span class=\"screen-reader-text\"> &#8220;Que se passe-t-il \u00e0 passeport?&#8221;<\/span><\/a><\/p>\n","protected":false},"author":2,"featured_media":0,"comment_status":"open","ping_status":"closed","sticky":false,"template":"","format":"standard","meta":{"_links_to":"","_links_to_target":""},"categories":[],"tags":[],"_links":{"self":[{"href":"https:\/\/www.unesen.ca\/press\/index.php?rest_route=\/wp\/v2\/posts\/3120"}],"collection":[{"href":"https:\/\/www.unesen.ca\/press\/index.php?rest_route=\/wp\/v2\/posts"}],"about":[{"href":"https:\/\/www.unesen.ca\/press\/index.php?rest_route=\/wp\/v2\/types\/post"}],"author":[{"embeddable":true,"href":"https:\/\/www.unesen.ca\/press\/index.php?rest_route=\/wp\/v2\/users\/2"}],"replies":[{"embeddable":true,"href":"https:\/\/www.unesen.ca\/press\/index.php?rest_route=%2Fwp%2Fv2%2Fcomments&post=3120"}],"version-history":[{"count":1,"href":"https:\/\/www.unesen.ca\/press\/index.php?rest_route=\/wp\/v2\/posts\/3120\/revisions"}],"predecessor-version":[{"id":3406,"href":"https:\/\/www.unesen.ca\/press\/index.php?rest_route=\/wp\/v2\/posts\/3120\/revisions\/3406"}],"wp:attachment":[{"href":"https:\/\/www.unesen.ca\/press\/index.php?rest_route=%2Fwp%2Fv2%2Fmedia&parent=3120"}],"wp:term":[{"taxonomy":"category","embeddable":true,"href":"https:\/\/www.unesen.ca\/press\/index.php?rest_route=%2Fwp%2Fv2%2Fcategories&post=3120"},{"taxonomy":"post_tag","embeddable":true,"href":"https:\/\/www.unesen.ca\/press\/index.php?rest_route=%2Fwp%2Fv2%2Ftags&post=3120"}],"curies":[{"name":"wp","href":"https:\/\/api.w.org\/{rel}","templated":true}]}}