{"id":311,"date":"2011-05-13T18:27:08","date_gmt":"2011-05-13T22:27:08","guid":{"rendered":"http:\/\/www.nationalcomponent.com\/press\/?p=311"},"modified":"2014-02-25T19:58:25","modified_gmt":"2014-02-25T19:58:25","slug":"journee-internationale-contre-lhomophobie","status":"publish","type":"post","link":"https:\/\/www.unesen.ca\/press\/?p=311&amp;lang=fr","title":{"rendered":"Journ\u00e9e internationale contre l&#8217;homophobie"},"content":{"rendered":"<p><a href=\"http:\/\/www.une-sen.org\/press\/?attachment_id=312\" rel=\"attachment wp-att-312\"><img loading=\"lazy\" class=\"alignnone size-full wp-image-312\" alt=\"Journ\u00e9e internationale contre l'homophobie\" src=\"http:\/\/www.une-sen.org\/press\/wp-content\/uploads\/2012\/03\/homophobia_fr.jpg\" width=\"541\" height=\"360\" srcset=\"https:\/\/www.unesen.ca\/press\/wp-content\/uploads\/2012\/03\/homophobia_fr.jpg 541w, https:\/\/www.unesen.ca\/press\/wp-content\/uploads\/2012\/03\/homophobia_fr-300x199.jpg 300w\" sizes=\"(max-width: 541px) 100vw, 541px\" \/><br \/>\n<\/a>Le 17 mai est la Journ\u00e9e internationale contre l\u2019homophobie. C\u2019est aussi la journ\u00e9e lorsque, en 1990, l\u2019Organisation mondiale de la Sant\u00e9 a retir\u00e9 l\u2019homosexualit\u00e9 de sa liste de maladies mentales. Au cours des derni\u00e8res d\u00e9cennies, la communaut\u00e9 LGBT et ses alli\u00e9es et alli\u00e9s on lutt\u00e9 avec succ\u00e8s en faveur de l\u2019\u00e9galit\u00e9 des droits \u00e0 plusieurs reprises. En tant que syndicat, nous sommes fiers d\u2019\u00eatre solidaires avec nos cons\u0153urs et confr\u00e8res LGBT lorsque leurs droits ou dignit\u00e9s ont \u00e9t\u00e9 viol\u00e9s.<\/p>\n<p>Malgr\u00e9 le progr\u00e8s de ces derni\u00e8res ann\u00e9es, l\u2019homophobie continue d\u2019\u00eatre un enjeu important qui affecte n\u00e9gativement la communaut\u00e9 LGBT. Elle emp\u00eache plusieurs individus de vivre ouvertement leur orientation sexuelle et contribue au taux \u00e9lev\u00e9 de suicide parmi les individus LGBT, surtout parmi les jeunes.<\/p>\n<p>La Journ\u00e9e internationale contre l\u2019homophobie fournit une occasion de travailler vers un monde sans pr\u00e9jug\u00e9s et de c\u00e9l\u00e9brer les contributions que nos cons\u0153urs et confr\u00e8res LGBT apportent \u00e0 la vie de la soci\u00e9t\u00e9.<\/p>\n<p>Veuillez consulter\u00a0<a href=\"http:\/\/www.homophobie.org\/\">le site web de la Fondation \u00c9mergence<\/a> o\u00f9 vous trouverez une\u00a0<a href=\"http:\/\/www.homophobie.org\/default.aspx?scheme=3892\">affiche t\u00e9l\u00e9chargeable<\/a> pour votre milieu de travail.<\/p>\n<p>Si vous d\u00e9sirez vous informer davantage sur les r\u00e9alit\u00e9s que vivent les LGBT, nous vous recommandons fortement le livret du Congr\u00e8s du travail du Canada intitul\u00e9\u00a0<a href=\"http:\/\/www.congresdutravail.ca\/salle-des-nouvelles\/publications\/nos-allies-tout-ce-que-vous-avez-toujours-voulu-savoir-sur-les-lesb\"><em>\u00c0 nos alli\u00e9s : Tout ce que vous avez toujours voulu savoir sur les Lesbiennes, Gais, Bisexuels, et Transgenres<\/em><\/a><em><\/em>.<\/p>\n<p>Les membres qui travaillent \u00e0 Place du Portage dans la RCN sont encourag\u00e9s de porter un v\u00eatement ou un accessoire mauve le 17 mai; le\u00a0<a href=\"http:\/\/www.lebras.qc.ca\/\">Bureau R\u00e9gional d\u2019Action Sida<\/a> (leBRAS) et\u00a0<a href=\"http:\/\/www.jeunesseidem.com\/blogue\">Jeunesse Idem<\/a> seront \u00e0 Place du Centre pour distribuer des triangles mauves.<\/p>\n<p>Vous avez connaissance de quelque chose qui se passe dans votre r\u00e9gion? Faites parvenir un courriel \u00e0 l\u2019Agent de communication de l&#8217;\u00c9l\u00e9ment national \u00e0 cette adresse\u00a0:\u00a0<a href=\"mailto:communications@national-component.org\">communications@national-component.org<\/a>.<\/p>\n","protected":false},"excerpt":{"rendered":"<p>Le 17 mai est la Journ\u00e9e internationale contre l\u2019homophobie. C\u2019est aussi la journ\u00e9e lorsque, en 1990, l\u2019Organisation mondiale de la Sant\u00e9 a retir\u00e9 l\u2019homosexualit\u00e9 de sa liste de maladies mentales. Au cours des derni\u00e8res d\u00e9cennies, la communaut\u00e9 LGBT et ses alli\u00e9es et alli\u00e9s on lutt\u00e9 avec succ\u00e8s en faveur de l\u2019\u00e9galit\u00e9 des droits \u00e0 plusieurs &hellip; <\/p>\n<p class=\"link-more\"><a href=\"https:\/\/www.unesen.ca\/press\/?p=311&#038;lang=fr\" class=\"more-link\">>><span class=\"screen-reader-text\"> &#8220;Journ\u00e9e internationale contre l&#8217;homophobie&#8221;<\/span><\/a><\/p>\n","protected":false},"author":3,"featured_media":0,"comment_status":"open","ping_status":"open","sticky":false,"template":"","format":"standard","meta":{"_links_to":"","_links_to_target":""},"categories":[],"tags":[],"_links":{"self":[{"href":"https:\/\/www.unesen.ca\/press\/index.php?rest_route=\/wp\/v2\/posts\/311"}],"collection":[{"href":"https:\/\/www.unesen.ca\/press\/index.php?rest_route=\/wp\/v2\/posts"}],"about":[{"href":"https:\/\/www.unesen.ca\/press\/index.php?rest_route=\/wp\/v2\/types\/post"}],"author":[{"embeddable":true,"href":"https:\/\/www.unesen.ca\/press\/index.php?rest_route=\/wp\/v2\/users\/3"}],"replies":[{"embeddable":true,"href":"https:\/\/www.unesen.ca\/press\/index.php?rest_route=%2Fwp%2Fv2%2Fcomments&post=311"}],"version-history":[{"count":1,"href":"https:\/\/www.unesen.ca\/press\/index.php?rest_route=\/wp\/v2\/posts\/311\/revisions"}],"predecessor-version":[{"id":3599,"href":"https:\/\/www.unesen.ca\/press\/index.php?rest_route=\/wp\/v2\/posts\/311\/revisions\/3599"}],"wp:attachment":[{"href":"https:\/\/www.unesen.ca\/press\/index.php?rest_route=%2Fwp%2Fv2%2Fmedia&parent=311"}],"wp:term":[{"taxonomy":"category","embeddable":true,"href":"https:\/\/www.unesen.ca\/press\/index.php?rest_route=%2Fwp%2Fv2%2Fcategories&post=311"},{"taxonomy":"post_tag","embeddable":true,"href":"https:\/\/www.unesen.ca\/press\/index.php?rest_route=%2Fwp%2Fv2%2Ftags&post=311"}],"curies":[{"name":"wp","href":"https:\/\/api.w.org\/{rel}","templated":true}]}}