{"id":3106,"date":"2013-12-19T03:00:01","date_gmt":"2013-12-19T08:00:01","guid":{"rendered":"http:\/\/www.une-sen.org\/press\/?p=3106"},"modified":"2014-02-25T16:21:15","modified_gmt":"2014-02-25T16:21:15","slug":"joyeuses-fetes-et-bonne-annee","status":"publish","type":"post","link":"https:\/\/www.unesen.ca\/press\/?p=3106&amp;lang=fr","title":{"rendered":"Joyeuses F\u00eates et Bonne Ann\u00e9e!"},"content":{"rendered":"<p><img loading=\"lazy\" class=\"alignnone size-full wp-image-3107\" title=\"holidays2013_F\" alt=\"\" src=\"http:\/\/www.une-sen.org\/press\/wp-content\/uploads\/2013\/12\/holidays2013_F.png\" width=\"600\" height=\"400\" srcset=\"https:\/\/www.unesen.ca\/press\/wp-content\/uploads\/2013\/12\/holidays2013_F.png 600w, https:\/\/www.unesen.ca\/press\/wp-content\/uploads\/2013\/12\/holidays2013_F-300x200.png 300w\" sizes=\"(max-width: 600px) 100vw, 600px\" \/><\/p>\n<p>Ch\u00e8res <a name=\"_GoBack\"><\/a>cons\u0153urs, chers confr\u00e8res,<\/p>\n<p>J\u2019aimerais saisir l\u2019occasion de vous souhaiter de joyeuses f\u00eates et une bonne ann\u00e9e 2014.<\/p>\n<p>Au cours de l\u2019ann\u00e9e derni\u00e8re, j\u2019ai \u00e9t\u00e9 t\u00e9moin de l\u2019immense d\u00e9vouement \u00e0 notre cause et du renouveau de l\u2019int\u00e9r\u00eat pour le militantisme. Les mots me manquent pour vous dire \u00e0 quel point j\u2019appr\u00e9cie l\u2019excellent travail accompli par chacun.<\/p>\n<p>Soyons francs, \u00eatre un militant syndical est trop souvent un travail ingrat. C\u2019est pourtant un travail qui doit \u00eatre reconnu \u00e0 sa juste valeur\u00a0\u2013 on ne pourrait tout simplement pas accomplir toutes les choses que nous faisons sans votre contribution.<\/p>\n<p>Pour tout ce que vous faites pour notre syndicat, merci. Merci mille fois.<\/p>\n<p>Si\u00a02012 a \u00e9t\u00e9 l\u2019ann\u00e9e des compressions budg\u00e9taires,\u00a02013 a certainement \u00e9t\u00e9 l\u2019ann\u00e9e o\u00f9 le gouvernement a d\u00e9cid\u00e9 de nous frapper alors que nous \u00e9tions d\u00e9j\u00e0 au tapis. \u00c0 l\u2019approche de la nouvelle ann\u00e9e, engageons-nous \u00e0 faire de\u00a02014 l\u2019ann\u00e9e o\u00f9 nous rendrons les coups.<\/p>\n<p>Comme nous aurons besoin de beaucoup de passion et d\u2019\u00e9nergie pour y arriver, n\u2019oubliez pas de vous \u00e9nergiser durant les f\u00eates.<\/p>\n<p>Par-dessus tout, profitez de ce temps pr\u00e9cieux entre amis et en famille pour relaxer et faire le plein d\u2019\u00e9nergie. Apr\u00e8s tout, ce sont ces moments qui font que notre travail en vaut vraiment la peine!<\/p>\n<p>Mes conseils\u00a0: soyez prudent et restez au chaud. Je vous souhaite une bonne ann\u00e9e.<\/p>\n<p>En toute solidarit\u00e9,<\/p>\n<p>Doug Marshall<br \/>\nPr\u00e9sident national<br \/>\nSyndicat des employ\u00e9es et employ\u00e9s nationaux<\/p>\n","protected":false},"excerpt":{"rendered":"<p>Ch\u00e8res cons\u0153urs, chers confr\u00e8res, J\u2019aimerais saisir l\u2019occasion de vous souhaiter de joyeuses f\u00eates et une bonne ann\u00e9e 2014. Au cours de l\u2019ann\u00e9e derni\u00e8re, j\u2019ai \u00e9t\u00e9 t\u00e9moin de l\u2019immense d\u00e9vouement \u00e0 notre cause et du renouveau de l\u2019int\u00e9r\u00eat pour le militantisme. Les mots me manquent pour vous dire \u00e0 quel point j\u2019appr\u00e9cie l\u2019excellent travail accompli par &hellip; <\/p>\n<p class=\"link-more\"><a href=\"https:\/\/www.unesen.ca\/press\/?p=3106&#038;lang=fr\" class=\"more-link\">>><span class=\"screen-reader-text\"> &#8220;Joyeuses F\u00eates et Bonne Ann\u00e9e!&#8221;<\/span><\/a><\/p>\n","protected":false},"author":3,"featured_media":0,"comment_status":"open","ping_status":"closed","sticky":false,"template":"","format":"standard","meta":{"_links_to":"","_links_to_target":""},"categories":[],"tags":[],"_links":{"self":[{"href":"https:\/\/www.unesen.ca\/press\/index.php?rest_route=\/wp\/v2\/posts\/3106"}],"collection":[{"href":"https:\/\/www.unesen.ca\/press\/index.php?rest_route=\/wp\/v2\/posts"}],"about":[{"href":"https:\/\/www.unesen.ca\/press\/index.php?rest_route=\/wp\/v2\/types\/post"}],"author":[{"embeddable":true,"href":"https:\/\/www.unesen.ca\/press\/index.php?rest_route=\/wp\/v2\/users\/3"}],"replies":[{"embeddable":true,"href":"https:\/\/www.unesen.ca\/press\/index.php?rest_route=%2Fwp%2Fv2%2Fcomments&post=3106"}],"version-history":[{"count":1,"href":"https:\/\/www.unesen.ca\/press\/index.php?rest_route=\/wp\/v2\/posts\/3106\/revisions"}],"predecessor-version":[{"id":3405,"href":"https:\/\/www.unesen.ca\/press\/index.php?rest_route=\/wp\/v2\/posts\/3106\/revisions\/3405"}],"wp:attachment":[{"href":"https:\/\/www.unesen.ca\/press\/index.php?rest_route=%2Fwp%2Fv2%2Fmedia&parent=3106"}],"wp:term":[{"taxonomy":"category","embeddable":true,"href":"https:\/\/www.unesen.ca\/press\/index.php?rest_route=%2Fwp%2Fv2%2Fcategories&post=3106"},{"taxonomy":"post_tag","embeddable":true,"href":"https:\/\/www.unesen.ca\/press\/index.php?rest_route=%2Fwp%2Fv2%2Ftags&post=3106"}],"curies":[{"name":"wp","href":"https:\/\/api.w.org\/{rel}","templated":true}]}}