{"id":303,"date":"2011-04-29T18:15:59","date_gmt":"2011-04-29T22:15:59","guid":{"rendered":"http:\/\/www.nationalcomponent.com\/press\/?p=303"},"modified":"2014-02-25T19:58:50","modified_gmt":"2014-02-25T19:58:50","slug":"membres-participez-aux-elections-le-2-mai","status":"publish","type":"post","link":"https:\/\/www.unesen.ca\/press\/?p=303&amp;lang=fr","title":{"rendered":"Membres: participez aux \u00e9lections le 2 mai!"},"content":{"rendered":"<p><a href=\"http:\/\/www.une-sen.org\/press\/?attachment_id=304\" rel=\"attachment wp-att-304\"><img loading=\"lazy\" class=\"alignnone size-full wp-image-304\" alt=\"Le Canada vote - le 2 mai\" src=\"http:\/\/www.une-sen.org\/press\/wp-content\/uploads\/2012\/03\/canadavotes_f.jpg\" width=\"541\" height=\"360\" srcset=\"https:\/\/www.unesen.ca\/press\/wp-content\/uploads\/2012\/03\/canadavotes_f.jpg 541w, https:\/\/www.unesen.ca\/press\/wp-content\/uploads\/2012\/03\/canadavotes_f-300x199.jpg 300w\" sizes=\"(max-width: 541px) 100vw, 541px\" \/><\/a><\/p>\n<p>Les \u00e9lections approchent \u00e0 grands pas. Nous, chez l\u2019\u00c9l\u00e9ment national, voulons encourager nos membres de participer aux \u00e9lections en allant voter le 2 mai! S\u2019il vous plait, participez au processus d\u00e9mocratique et faites entendre vote voix!<\/p>\n<p>En tant qu&#8217;employ\u00e9e ou un employ\u00e9 de la fonction publique, ceci est votre occasion de voter pour votre employeur. Vous avez le pouvoir de voter pour la personne qui aura un impact direct sur le travail important que vous effectuez pour les Canadiennes et les Canadiens. Vous m\u00e9ritez un employeur qui respecte le travail que vous faites au nom de notre nation.<\/p>\n<p>Informez-vous. Lisez les plateformes de chaque parti. Votez en toute confiance.<\/p>\n<p>Nous vous encourageons fortement aussi de lire cet article paru sur le site de Rabble.ca\u00a0:<br \/>\n<a href=\"http:\/\/rabble.ca\/news\/2011\/01\/dix-raisons-de-voter-contre-le-candidat-de-harper-dans-votre-circonscription\">Dix raisons de voter contre le candidat de Harper dans votre circonscription<\/a><\/p>\n","protected":false},"excerpt":{"rendered":"<p>Les \u00e9lections approchent \u00e0 grands pas. Nous, chez l\u2019\u00c9l\u00e9ment national, voulons encourager nos membres de participer aux \u00e9lections en allant voter le 2 mai! S\u2019il vous plait, participez au processus d\u00e9mocratique et faites entendre vote voix! En tant qu&#8217;employ\u00e9e ou un employ\u00e9 de la fonction publique, ceci est votre occasion de voter pour votre employeur. &hellip; <\/p>\n<p class=\"link-more\"><a href=\"https:\/\/www.unesen.ca\/press\/?p=303&#038;lang=fr\" class=\"more-link\">>><span class=\"screen-reader-text\"> &#8220;Membres: participez aux \u00e9lections le 2 mai!&#8221;<\/span><\/a><\/p>\n","protected":false},"author":3,"featured_media":0,"comment_status":"open","ping_status":"open","sticky":false,"template":"","format":"standard","meta":{"_links_to":"","_links_to_target":""},"categories":[],"tags":[],"_links":{"self":[{"href":"https:\/\/www.unesen.ca\/press\/index.php?rest_route=\/wp\/v2\/posts\/303"}],"collection":[{"href":"https:\/\/www.unesen.ca\/press\/index.php?rest_route=\/wp\/v2\/posts"}],"about":[{"href":"https:\/\/www.unesen.ca\/press\/index.php?rest_route=\/wp\/v2\/types\/post"}],"author":[{"embeddable":true,"href":"https:\/\/www.unesen.ca\/press\/index.php?rest_route=\/wp\/v2\/users\/3"}],"replies":[{"embeddable":true,"href":"https:\/\/www.unesen.ca\/press\/index.php?rest_route=%2Fwp%2Fv2%2Fcomments&post=303"}],"version-history":[{"count":1,"href":"https:\/\/www.unesen.ca\/press\/index.php?rest_route=\/wp\/v2\/posts\/303\/revisions"}],"predecessor-version":[{"id":3600,"href":"https:\/\/www.unesen.ca\/press\/index.php?rest_route=\/wp\/v2\/posts\/303\/revisions\/3600"}],"wp:attachment":[{"href":"https:\/\/www.unesen.ca\/press\/index.php?rest_route=%2Fwp%2Fv2%2Fmedia&parent=303"}],"wp:term":[{"taxonomy":"category","embeddable":true,"href":"https:\/\/www.unesen.ca\/press\/index.php?rest_route=%2Fwp%2Fv2%2Fcategories&post=303"},{"taxonomy":"post_tag","embeddable":true,"href":"https:\/\/www.unesen.ca\/press\/index.php?rest_route=%2Fwp%2Fv2%2Ftags&post=303"}],"curies":[{"name":"wp","href":"https:\/\/api.w.org\/{rel}","templated":true}]}}