{"id":290,"date":"2011-04-18T18:07:37","date_gmt":"2011-04-18T22:07:37","guid":{"rendered":"http:\/\/www.nationalcomponent.com\/press\/?p=290"},"modified":"2014-02-25T19:59:25","modified_gmt":"2014-02-25T19:59:25","slug":"des-membres-de-lelement-national-au-college-canadien-des-travailleurs-du-ctc","status":"publish","type":"post","link":"https:\/\/www.unesen.ca\/press\/?p=290&amp;lang=fr","title":{"rendered":"Des membres de l&#8217;\u00c9l\u00e9ment national au Coll\u00e8ge canadien des travailleurs du CTC"},"content":{"rendered":"<p><a href=\"http:\/\/www.une-sen.org\/press\/?attachment_id=292\" rel=\"attachment wp-att-292\"><img loading=\"lazy\" class=\"alignnone size-full wp-image-292\" alt=\"L'\u00e9ducation syndicale \u00e0 l'oeuvre\" src=\"http:\/\/www.une-sen.org\/press\/wp-content\/uploads\/2012\/03\/union_ed_f.jpg\" width=\"541\" height=\"360\" srcset=\"https:\/\/www.unesen.ca\/press\/wp-content\/uploads\/2012\/03\/union_ed_f.jpg 541w, https:\/\/www.unesen.ca\/press\/wp-content\/uploads\/2012\/03\/union_ed_f-300x199.jpg 300w\" sizes=\"(max-width: 541px) 100vw, 541px\" \/><\/a><\/p>\n<p>L\u2019\u00c9l\u00e9ment national se r\u00e9jouit du fait que quatre de ses membres ont \u00e9t\u00e9 s\u00e9lectionn\u00e9s pour participer au Coll\u00e8ge canadien des travailleurs du Congr\u00e8s du travail du Canada. Le premier cours a lieu \u00e0 Port Elgin, Ontario du 8 au 21 avril. Les quatre membres (de gauche \u00e0 droite) sont\u00a0:<\/p>\n<p>Mich\u00e8le Milotte est la Pr\u00e9sidente de la section locale 70080 dans la r\u00e9gion de la capitale nationale. Mich\u00e8le travaille pour la Commission de la capitale nationale. Elle est aussi Vice-pr\u00e9sidente adjointe r\u00e9gionale pour l\u2019\u00c9l\u00e9ment national dans la r\u00e9gion RCN (Employ\u00e9s distincts), parmi plusieurs autres activit\u00e9s syndicales.<\/p>\n<p>Jennifer Ho est la Vice-pr\u00e9sidente de la section locale 20088 \u00e0 Vancouver. Jennifer travaille pour Passport Canada et est aussi la Repr\u00e9sentante nationale pour les groupes raciaux visibles au sein du Comit\u00e9 des droits de la personne de l\u2019\u00c9l\u00e9ment national. Elle est tr\u00e8s active au sein de sa communaut\u00e9 et du milieu syndical.<\/p>\n<p>Layne Carr-Wyatt est la Repr\u00e9sentante de la sant\u00e9 et s\u00e9curit\u00e9 au travail pour la section locale X0150 \u00e0 Iqaluit. Layne travaille pour le minist\u00e8re des Affaires indiennes et du Nord Canada. Elle participe activement dans le comit\u00e9 r\u00e9gional des femmes d\u2019Iqaluit, parmi plusieurs autres activit\u00e9s syndicales.<\/p>\n<p>Sandra Bello est la Pr\u00e9sidente de la section locale 00394 \u00e0 Hamilton. Sandy travaille pour le Centre canadien d&#8217;hygi\u00e8ne et de s\u00e9curit\u00e9 au travail. Elle est aussi la Vice-pr\u00e9sidente adjointe r\u00e9gionale pour la r\u00e9gion de l\u2019Ontario et tr\u00e8s active dans le milieu syndical.<\/p>\n","protected":false},"excerpt":{"rendered":"<p>L\u2019\u00c9l\u00e9ment national se r\u00e9jouit du fait que quatre de ses membres ont \u00e9t\u00e9 s\u00e9lectionn\u00e9s pour participer au Coll\u00e8ge canadien des travailleurs du Congr\u00e8s du travail du Canada. Le premier cours a lieu \u00e0 Port Elgin, Ontario du 8 au 21 avril. Les quatre membres (de gauche \u00e0 droite) sont\u00a0: Mich\u00e8le Milotte est la Pr\u00e9sidente de &hellip; <\/p>\n<p class=\"link-more\"><a href=\"https:\/\/www.unesen.ca\/press\/?p=290&#038;lang=fr\" class=\"more-link\">>><span class=\"screen-reader-text\"> &#8220;Des membres de l&#8217;\u00c9l\u00e9ment national au Coll\u00e8ge canadien des travailleurs du CTC&#8221;<\/span><\/a><\/p>\n","protected":false},"author":3,"featured_media":0,"comment_status":"open","ping_status":"open","sticky":false,"template":"","format":"standard","meta":{"_links_to":"","_links_to_target":""},"categories":[],"tags":[],"_links":{"self":[{"href":"https:\/\/www.unesen.ca\/press\/index.php?rest_route=\/wp\/v2\/posts\/290"}],"collection":[{"href":"https:\/\/www.unesen.ca\/press\/index.php?rest_route=\/wp\/v2\/posts"}],"about":[{"href":"https:\/\/www.unesen.ca\/press\/index.php?rest_route=\/wp\/v2\/types\/post"}],"author":[{"embeddable":true,"href":"https:\/\/www.unesen.ca\/press\/index.php?rest_route=\/wp\/v2\/users\/3"}],"replies":[{"embeddable":true,"href":"https:\/\/www.unesen.ca\/press\/index.php?rest_route=%2Fwp%2Fv2%2Fcomments&post=290"}],"version-history":[{"count":1,"href":"https:\/\/www.unesen.ca\/press\/index.php?rest_route=\/wp\/v2\/posts\/290\/revisions"}],"predecessor-version":[{"id":3601,"href":"https:\/\/www.unesen.ca\/press\/index.php?rest_route=\/wp\/v2\/posts\/290\/revisions\/3601"}],"wp:attachment":[{"href":"https:\/\/www.unesen.ca\/press\/index.php?rest_route=%2Fwp%2Fv2%2Fmedia&parent=290"}],"wp:term":[{"taxonomy":"category","embeddable":true,"href":"https:\/\/www.unesen.ca\/press\/index.php?rest_route=%2Fwp%2Fv2%2Fcategories&post=290"},{"taxonomy":"post_tag","embeddable":true,"href":"https:\/\/www.unesen.ca\/press\/index.php?rest_route=%2Fwp%2Fv2%2Ftags&post=290"}],"curies":[{"name":"wp","href":"https:\/\/api.w.org\/{rel}","templated":true}]}}