{"id":284,"date":"2011-04-01T18:01:23","date_gmt":"2011-04-01T22:01:23","guid":{"rendered":"http:\/\/www.nationalcomponent.com\/press\/?p=284"},"modified":"2014-02-25T19:59:50","modified_gmt":"2014-02-25T19:59:50","slug":"tous-ensemble-contre-le-racisme","status":"publish","type":"post","link":"https:\/\/www.unesen.ca\/press\/?p=284&amp;lang=fr","title":{"rendered":"Tous ensemble contre le racisme"},"content":{"rendered":"<figure id=\"attachment_285\" aria-describedby=\"caption-attachment-285\" style=\"width: 541px\" class=\"wp-caption alignnone\"><a href=\"http:\/\/www.une-sen.org\/press\/?attachment_id=285\" rel=\"attachment wp-att-285\"><img loading=\"lazy\" class=\"size-full wp-image-285\" alt=\"Tous ensemble contre le racisme\" src=\"http:\/\/www.une-sen.org\/press\/wp-content\/uploads\/2012\/03\/againstracism_f.jpg\" width=\"541\" height=\"360\" srcset=\"https:\/\/www.unesen.ca\/press\/wp-content\/uploads\/2012\/03\/againstracism_f.jpg 541w, https:\/\/www.unesen.ca\/press\/wp-content\/uploads\/2012\/03\/againstracism_f-300x199.jpg 300w\" sizes=\"(max-width: 541px) 100vw, 541px\" \/><\/a><figcaption id=\"caption-attachment-285\" class=\"wp-caption-text\">Geoff Ryan, VPRA de la r\u00e9gion de l&#8217;Alberta, des T.N.-O. et du Nunavut, se joint \u00e0 une manifestation contre le racisme.<\/figcaption><\/figure>\n<p>Le 21 mars est la Journ\u00e9e internationale pour l\u2019\u00e9limination de la discrimination raciale. Cette journ\u00e9e nous rappelle que le racisme existe encore dans notre soci\u00e9t\u00e9 \u2014 et c&#8217;est malheureux.<\/p>\n<p>L\u2019\u00c9l\u00e9ment national tenait un colloque r\u00e9gional \u00e0 Calgary le 18 et 19 mars. Un groupe supr\u00e9matiste blanc qui se nomme Blood and Honour a tenu des rassemblements de \u00ab fiert\u00e9 blanche \u00bb durant les derni\u00e8res ann\u00e9es pour co\u00efncider avec la Journ\u00e9e internationale pour l\u2019\u00e9limination de la discrimination raciale.<\/p>\n<p>Lorsque, le matin du 18 mars, j\u2019ai lu\u00a0<a href=\"http:\/\/www.theglobeandmail.com\/news\/national\/prairies\/calgarys-in-your-face-neo-nazis-take-to-the-streets\/article1948346\/\">l\u2019article dans le Globe and Mail<\/a> qui d\u00e9crivait le rassemblement de fiert\u00e9 blanche et le leader du groupe Blood and Honour, je suis devenu furieux \u2013 furieux qu\u2019il y ait des gens qui se pensent mieux que les autres simplement \u00e0 cause de la couleur de leur peau ou leur religion. Je suis devenu furieux que ces gens ont l\u2019impression qu\u2019ils pouvaient aller marcher dans les rues dans l\u2019effort de promouvoir leur message de supr\u00e9matie raciale.<\/p>\n<p>Je devais faire quelque chose. J&#8217;\u00e9tais incapable de ne rien faire. J\u2019ai demand\u00e9 aux membres au colloque de la r\u00e9gion de l\u2019ouest s\u2019ils marcheraient en solidarit\u00e9 avec moi dans l\u2019effort de protester le rassemblement de fiert\u00e9 blanc. J\u2019\u00e9tais bien content que pr\u00e8s de 30 membres de l\u2019\u00c9l\u00e9ment national se soient joints \u00e0 la manifestation. Nous nous sommes joints \u00e0 pr\u00e8s de 170 autres personnes qui partageaient notre position. Ensemble, nous avons cri\u00e9 des slogans pendant environ une heure vers le groupe Blood and Honour. Au moins, je me suis senti comme j\u2019avais fait quelque chose de positif.<\/p>\n<p>Le racisme, peu importe la forme, est simplement inacceptable. Nous partageons tous la responsabilit\u00e9 d\u2019aider \u00e0 \u00e9liminer le racisme, que \u00e7a soit de se joindre \u00e0 des manifestations contre le racisme, intervenir lorsque l\u2019on entend des blagues de nature raciste, ou simplement accepter les gens en tant qu\u2019individus et de faire leur connaissance d\u2019une fa\u00e7on plus approfondie. Parlez \u00e0 quelqu\u2019un qui est diff\u00e9rent de vous et vous en apprendrez de cette personne \u2013 vous allez aussi aider \u00e0 am\u00e9liorer notre soci\u00e9t\u00e9 pour en faire un meilleur milieu pour la prochaine g\u00e9n\u00e9ration.<\/p>\n<p>Le racisme, peu importe la forme, est simplement inacceptable. Nous partageons tous la responsabilit\u00e9 d\u2019aider \u00e0 \u00e9liminer le racisme, que ca soit de se joindre \u00e0 des manifestations contre le racisme, intervenir lorsque l\u2019on entend des blagues de nature raciste, ou simplement accepter les gens en tant qu\u2019individus et de faire leur connaissance d\u2019une fa\u00e7on plus approfondie. Parlez \u00e0 quelqu\u2019un qui est diff\u00e9rent de vous et vous en apprendrez de cette personne \u2013 vous allez aussi aider \u00e0 am\u00e9liorer notre soci\u00e9t\u00e9 pour en faire un meilleur milieu pour la prochaine g\u00e9n\u00e9ration.<\/p>\n<p>&#8211; Geoff Ryan<br \/>\nVice-pr\u00e9sident adjoint de la r\u00e9gion Alberta, Territoires du Nord-ouest et le Nunavut<\/p>\n<table width=\"530\" border=\"0\" cellspacing=\"0\" cellpadding=\"0\">\n<tbody>\n<tr>\n<td width=\"51\"><a href=\"http:\/\/www.une-sen.org\/press\/?attachment_id=281\" rel=\"attachment wp-att-281\"><img loading=\"lazy\" class=\"alignnone size-full wp-image-281\" alt=\"Flickr\" src=\"http:\/\/www.une-sen.org\/press\/wp-content\/uploads\/2012\/03\/flickr.png\" width=\"39\" height=\"39\" \/><\/a><\/td>\n<td width=\"479\">Plusieurs photos de cet \u00e9v\u00e9nement sont disponibles sur notre nouveau site Flickr! Veuillez\u00a0<a href=\"http:\/\/www.flickr.com\/photos\/element_national_component\/sets\/72157626405466484\/\">cliquer ici<\/a>!<\/td>\n<\/tr>\n<\/tbody>\n<\/table>\n","protected":false},"excerpt":{"rendered":"<p>Le 21 mars est la Journ\u00e9e internationale pour l\u2019\u00e9limination de la discrimination raciale. Cette journ\u00e9e nous rappelle que le racisme existe encore dans notre soci\u00e9t\u00e9 \u2014 et c&#8217;est malheureux. L\u2019\u00c9l\u00e9ment national tenait un colloque r\u00e9gional \u00e0 Calgary le 18 et 19 mars. Un groupe supr\u00e9matiste blanc qui se nomme Blood and Honour a tenu des &hellip; <\/p>\n<p class=\"link-more\"><a href=\"https:\/\/www.unesen.ca\/press\/?p=284&#038;lang=fr\" class=\"more-link\">>><span class=\"screen-reader-text\"> &#8220;Tous ensemble contre le racisme&#8221;<\/span><\/a><\/p>\n","protected":false},"author":3,"featured_media":0,"comment_status":"open","ping_status":"open","sticky":false,"template":"","format":"standard","meta":{"_links_to":"","_links_to_target":""},"categories":[],"tags":[],"_links":{"self":[{"href":"https:\/\/www.unesen.ca\/press\/index.php?rest_route=\/wp\/v2\/posts\/284"}],"collection":[{"href":"https:\/\/www.unesen.ca\/press\/index.php?rest_route=\/wp\/v2\/posts"}],"about":[{"href":"https:\/\/www.unesen.ca\/press\/index.php?rest_route=\/wp\/v2\/types\/post"}],"author":[{"embeddable":true,"href":"https:\/\/www.unesen.ca\/press\/index.php?rest_route=\/wp\/v2\/users\/3"}],"replies":[{"embeddable":true,"href":"https:\/\/www.unesen.ca\/press\/index.php?rest_route=%2Fwp%2Fv2%2Fcomments&post=284"}],"version-history":[{"count":1,"href":"https:\/\/www.unesen.ca\/press\/index.php?rest_route=\/wp\/v2\/posts\/284\/revisions"}],"predecessor-version":[{"id":3602,"href":"https:\/\/www.unesen.ca\/press\/index.php?rest_route=\/wp\/v2\/posts\/284\/revisions\/3602"}],"wp:attachment":[{"href":"https:\/\/www.unesen.ca\/press\/index.php?rest_route=%2Fwp%2Fv2%2Fmedia&parent=284"}],"wp:term":[{"taxonomy":"category","embeddable":true,"href":"https:\/\/www.unesen.ca\/press\/index.php?rest_route=%2Fwp%2Fv2%2Fcategories&post=284"},{"taxonomy":"post_tag","embeddable":true,"href":"https:\/\/www.unesen.ca\/press\/index.php?rest_route=%2Fwp%2Fv2%2Ftags&post=284"}],"curies":[{"name":"wp","href":"https:\/\/api.w.org\/{rel}","templated":true}]}}