{"id":261,"date":"2011-03-09T17:32:27","date_gmt":"2011-03-09T22:32:27","guid":{"rendered":"http:\/\/www.nationalcomponent.com\/press\/?p=261"},"modified":"2014-02-25T20:00:44","modified_gmt":"2014-02-25T20:00:44","slug":"le-comite-des-francophones","status":"publish","type":"post","link":"https:\/\/www.unesen.ca\/press\/?p=261&amp;lang=fr","title":{"rendered":"Le comit\u00e9 des francophones"},"content":{"rendered":"<p><a href=\"http:\/\/www.une-sen.org\/press\/?attachment_id=262\" rel=\"attachment wp-att-262\"><img loading=\"lazy\" class=\"alignnone size-full wp-image-262\" alt=\"Le Comit\u00e9 des francophones\" src=\"http:\/\/www.une-sen.org\/press\/wp-content\/uploads\/2012\/03\/franco_fr-01.jpg\" width=\"541\" height=\"360\" srcset=\"https:\/\/www.unesen.ca\/press\/wp-content\/uploads\/2012\/03\/franco_fr-01.jpg 541w, https:\/\/www.unesen.ca\/press\/wp-content\/uploads\/2012\/03\/franco_fr-01-300x199.jpg 300w\" sizes=\"(max-width: 541px) 100vw, 541px\" \/><\/a><\/p>\n<p>L&#8217;\u00c9l\u00e9ment national est fier d&#8217;annoncer la cr\u00e9ation d&#8217;un nouveau comit\u00e9 permanent, soit\u00a0le comit\u00e9 des Francophones.<\/p>\n<p>Lors de la rencontre des membres de l&#8217;Ex\u00e9cutif de l&#8217;\u00c9l\u00e9ment national, en janvier dernier, la cr\u00e9ation d&#8217;un nouveau comit\u00e9 permanent a \u00e9t\u00e9 vot\u00e9e. Nous sommes heureux de vous annoncer que l&#8217;\u00c9l\u00e9ment national compte dor\u00e9navant un comit\u00e9 des Francophones dans sa structure officielle. Plus d&#8217;informations seront disponibles sous peu, \u00e0 partir de la<a href=\"http:\/\/www.elementnational.com\/standing_committees\/franco.php\"> page web du Comit\u00e9 des francophones<\/a>, du site web de l&#8217;\u00c9l\u00e9ment national. Veuillez noter que vous pouvez communiquer avec le comit\u00e9 \u00e0 l&#8217;adresse courriel suivante:\u00a0<a href=\"mailto:francophones@national-component.org\">francophones@national-component.org<\/a><\/p>\n<p>Sur la photo les membres du comit\u00e9: Ben Ren\u00e9 (conseiller technique), Larry Rousseau, \u00a0Jean-Pierre Naud (copr\u00e9sident), Patrice R\u00e9millard, Francine Auclair, Jean-Pierre Ouellet, et Louise Patrice (copr\u00e9sidente).<\/p>\n<p>\u00c9taient absents: Yvon Beaudoin, Suzanne Cadieux, G\u00e9raldine Fortin, et Mich\u00e8le Milotte.<\/p>\n","protected":false},"excerpt":{"rendered":"<p>L&#8217;\u00c9l\u00e9ment national est fier d&#8217;annoncer la cr\u00e9ation d&#8217;un nouveau comit\u00e9 permanent, soit\u00a0le comit\u00e9 des Francophones. Lors de la rencontre des membres de l&#8217;Ex\u00e9cutif de l&#8217;\u00c9l\u00e9ment national, en janvier dernier, la cr\u00e9ation d&#8217;un nouveau comit\u00e9 permanent a \u00e9t\u00e9 vot\u00e9e. Nous sommes heureux de vous annoncer que l&#8217;\u00c9l\u00e9ment national compte dor\u00e9navant un comit\u00e9 des Francophones dans sa &hellip; <\/p>\n<p class=\"link-more\"><a href=\"https:\/\/www.unesen.ca\/press\/?p=261&#038;lang=fr\" class=\"more-link\">>><span class=\"screen-reader-text\"> &#8220;Le comit\u00e9 des francophones&#8221;<\/span><\/a><\/p>\n","protected":false},"author":3,"featured_media":0,"comment_status":"open","ping_status":"open","sticky":false,"template":"","format":"standard","meta":{"_links_to":"","_links_to_target":""},"categories":[],"tags":[],"_links":{"self":[{"href":"https:\/\/www.unesen.ca\/press\/index.php?rest_route=\/wp\/v2\/posts\/261"}],"collection":[{"href":"https:\/\/www.unesen.ca\/press\/index.php?rest_route=\/wp\/v2\/posts"}],"about":[{"href":"https:\/\/www.unesen.ca\/press\/index.php?rest_route=\/wp\/v2\/types\/post"}],"author":[{"embeddable":true,"href":"https:\/\/www.unesen.ca\/press\/index.php?rest_route=\/wp\/v2\/users\/3"}],"replies":[{"embeddable":true,"href":"https:\/\/www.unesen.ca\/press\/index.php?rest_route=%2Fwp%2Fv2%2Fcomments&post=261"}],"version-history":[{"count":1,"href":"https:\/\/www.unesen.ca\/press\/index.php?rest_route=\/wp\/v2\/posts\/261\/revisions"}],"predecessor-version":[{"id":3604,"href":"https:\/\/www.unesen.ca\/press\/index.php?rest_route=\/wp\/v2\/posts\/261\/revisions\/3604"}],"wp:attachment":[{"href":"https:\/\/www.unesen.ca\/press\/index.php?rest_route=%2Fwp%2Fv2%2Fmedia&parent=261"}],"wp:term":[{"taxonomy":"category","embeddable":true,"href":"https:\/\/www.unesen.ca\/press\/index.php?rest_route=%2Fwp%2Fv2%2Fcategories&post=261"},{"taxonomy":"post_tag","embeddable":true,"href":"https:\/\/www.unesen.ca\/press\/index.php?rest_route=%2Fwp%2Fv2%2Ftags&post=261"}],"curies":[{"name":"wp","href":"https:\/\/api.w.org\/{rel}","templated":true}]}}