{"id":248,"date":"2011-03-05T17:09:59","date_gmt":"2011-03-05T22:09:59","guid":{"rendered":"http:\/\/www.nationalcomponent.com\/press\/?p=248"},"modified":"2014-02-25T20:01:09","modified_gmt":"2014-02-25T20:01:09","slug":"la-journee-internationale-de-la-femme-8-mars-2011","status":"publish","type":"post","link":"https:\/\/www.unesen.ca\/press\/?p=248&amp;lang=fr","title":{"rendered":"La Journ\u00e9e internationale de la femme &#8211; 8 mars, 2011"},"content":{"rendered":"<p><a href=\"http:\/\/www.une-sen.org\/press\/?attachment_id=249\" rel=\"attachment wp-att-249\"><img loading=\"lazy\" class=\"size-full wp-image-249 alignnone\" alt=\"Les droits des filles comptent\" src=\"http:\/\/www.une-sen.org\/press\/wp-content\/uploads\/2012\/03\/droitsfilles.jpg\" width=\"541\" height=\"360\" srcset=\"https:\/\/www.unesen.ca\/press\/wp-content\/uploads\/2012\/03\/droitsfilles.jpg 541w, https:\/\/www.unesen.ca\/press\/wp-content\/uploads\/2012\/03\/droitsfilles-300x199.jpg 300w\" sizes=\"(max-width: 541px) 100vw, 541px\" \/><\/a><\/p>\n<p>La premi\u00e8re Journ\u00e9e internationale de la femme s&#8217;est tenue en 1911; cette ann\u00e9e marque le 100e anniversaire.\u00a0<a href=\"http:\/\/www.cfc-swc.gc.ca\/\">Condition F\u00e9minine Canada<\/a> a \u00e9crit un petit mot au sujet du th\u00e8me de cette ann\u00e9e:<\/p>\n<blockquote><p><em>Ce th\u00e8me\u00a0\u2014\u00a0<strong>Les droits des filles comptent \/ Girls&#8217; Rights Matter<\/strong> \u2014 insiste sur l&#8217;importance de garantir l&#8217;\u00e9galit\u00e9 des chances pour toutes les femmes et toutes les filles aux diverses \u00e9tapes de leur vie. Il nous invite \u00e0 r\u00e9fl\u00e9chir \u00e0 la condition des filles au Canada et \u00e0 voir plus loin que la situation relativement privil\u00e9gi\u00e9e des Canadiennes pour consid\u00e9rer le contexte international.\u00a0Le th\u00e8me retenu par le Canada pour 2011 rejoint celui des Nations Unies, qui est\u00a0<strong>\u00c9galit\u00e9 d&#8217;acc\u00e8s \u00e0 l&#8217;\u00e9ducation, \u00e0 la formation, \u00e0 la science et \u00e0 la technologie\u00a0: la voie vers un travail d\u00e9cent pour les femmes<\/strong>.\u00a0Une fille qui jouit de l&#8217;\u00e9galit\u00e9 a de meilleures chances d&#8217;avoir confiance en elle-m\u00eame, d&#8217;\u00eatre pleinement consciente de son potentiel et de pouvoir acc\u00e9der \u00e0 l&#8217;\u00e9ducation, \u00e0 la formation et \u00e0 des possibilit\u00e9s de carri\u00e8re qui contribueront \u00e0 sa r\u00e9ussite dans la vie.<\/em><\/p><\/blockquote>\n<p>Pour de plus amples renseignements au sujet de la Journ\u00e9e internationale de la femme, veuillez consulter les liens suivants:<\/p>\n<p><a href=\"http:\/\/www.cfc-swc.gc.ca\/dates\/iwd-jif\/index-fra.html\">Journ\u00e9e internationale de la femme &#8211; Condition F\u00e9minine Canada<\/a><br \/>\n<a href=\"http:\/\/www.cfc-swc.gc.ca\/dates\/iwd-jif\/poster-affiche-2011-bil.pdf\">Affiche bilingue t\u00e9l\u00e9chargeable (PDF) &#8211; Condition F\u00e9minine Canada<\/a><\/p>\n","protected":false},"excerpt":{"rendered":"<p>La premi\u00e8re Journ\u00e9e internationale de la femme s&#8217;est tenue en 1911; cette ann\u00e9e marque le 100e anniversaire.\u00a0Condition F\u00e9minine Canada a \u00e9crit un petit mot au sujet du th\u00e8me de cette ann\u00e9e: Ce th\u00e8me\u00a0\u2014\u00a0Les droits des filles comptent \/ Girls&#8217; Rights Matter \u2014 insiste sur l&#8217;importance de garantir l&#8217;\u00e9galit\u00e9 des chances pour toutes les femmes et &hellip; <\/p>\n<p class=\"link-more\"><a href=\"https:\/\/www.unesen.ca\/press\/?p=248&#038;lang=fr\" class=\"more-link\">>><span class=\"screen-reader-text\"> &#8220;La Journ\u00e9e internationale de la femme &#8211; 8 mars, 2011&#8221;<\/span><\/a><\/p>\n","protected":false},"author":3,"featured_media":0,"comment_status":"open","ping_status":"open","sticky":false,"template":"","format":"standard","meta":{"_links_to":"","_links_to_target":""},"categories":[],"tags":[],"_links":{"self":[{"href":"https:\/\/www.unesen.ca\/press\/index.php?rest_route=\/wp\/v2\/posts\/248"}],"collection":[{"href":"https:\/\/www.unesen.ca\/press\/index.php?rest_route=\/wp\/v2\/posts"}],"about":[{"href":"https:\/\/www.unesen.ca\/press\/index.php?rest_route=\/wp\/v2\/types\/post"}],"author":[{"embeddable":true,"href":"https:\/\/www.unesen.ca\/press\/index.php?rest_route=\/wp\/v2\/users\/3"}],"replies":[{"embeddable":true,"href":"https:\/\/www.unesen.ca\/press\/index.php?rest_route=%2Fwp%2Fv2%2Fcomments&post=248"}],"version-history":[{"count":1,"href":"https:\/\/www.unesen.ca\/press\/index.php?rest_route=\/wp\/v2\/posts\/248\/revisions"}],"predecessor-version":[{"id":3605,"href":"https:\/\/www.unesen.ca\/press\/index.php?rest_route=\/wp\/v2\/posts\/248\/revisions\/3605"}],"wp:attachment":[{"href":"https:\/\/www.unesen.ca\/press\/index.php?rest_route=%2Fwp%2Fv2%2Fmedia&parent=248"}],"wp:term":[{"taxonomy":"category","embeddable":true,"href":"https:\/\/www.unesen.ca\/press\/index.php?rest_route=%2Fwp%2Fv2%2Fcategories&post=248"},{"taxonomy":"post_tag","embeddable":true,"href":"https:\/\/www.unesen.ca\/press\/index.php?rest_route=%2Fwp%2Fv2%2Ftags&post=248"}],"curies":[{"name":"wp","href":"https:\/\/api.w.org\/{rel}","templated":true}]}}