{"id":2366,"date":"2013-05-22T16:43:18","date_gmt":"2013-05-22T20:43:18","guid":{"rendered":"http:\/\/www.une-sen.org\/press\/?p=2366"},"modified":"2014-02-25T16:48:44","modified_gmt":"2014-02-25T16:48:44","slug":"les-oes-sur-la-colline","status":"publish","type":"post","link":"https:\/\/www.unesen.ca\/press\/?p=2366&amp;lang=fr","title":{"rendered":"Les OES sur la Colline"},"content":{"rendered":"<p><img loading=\"lazy\" class=\"alignnone size-full wp-image-2368\" title=\"SSO_HILL_F\" alt=\"\" src=\"http:\/\/www.une-sen.org\/press\/wp-content\/uploads\/2013\/05\/SSO_HILL_F1.png\" width=\"600\" height=\"400\" srcset=\"https:\/\/www.unesen.ca\/press\/wp-content\/uploads\/2013\/05\/SSO_HILL_F1.png 600w, https:\/\/www.unesen.ca\/press\/wp-content\/uploads\/2013\/05\/SSO_HILL_F1-300x200.png 300w\" sizes=\"(max-width: 600px) 100vw, 600px\" \/><\/p>\n<p>Le 10\u00a0mai, le d\u00e9put\u00e9 Claude Gravelle (NPD &#8211; Nickel Belt) s\u2019est lev\u00e9 durant la p\u00e9riode des questions et a appris aux d\u00e9put\u00e9s de la Chambre des communes quelque chose qui n\u2019a absolument pas \u00e9chapp\u00e9 \u00e0 membres\u00a0: le gouvernement malm\u00e8ne les employ\u00e9es\/employ\u00e9s des Op\u00e9rations des enqu\u00eates statistiques.<br \/>\n\u00abLe gouvernement m\u00e8ne la vie dure \u00e0 la science et aux statistiques, et voil\u00e0 maintenant qu\u2019il maltraite ceux qui recueillent les donn\u00e9es, a dit M. Gravelle. \u00ab Il y a 200 pr\u00e9pos\u00e9s aux enqu\u00eates statistiques \u00e0 Sturgeon Falls. Ils font partie des quelque 1\u00a0500 employ\u00e9s au pays qui sont sans contrat de travail depuis plus d\u2019un an.\u00bb<\/p>\n<p>L\u2019AFPC attend toujours de conna\u00eetre les dates d\u2019arbitrage pour les employ\u00e9es\/employ\u00e9s des bureaux r\u00e9gionaux, responsables de recueillir des donn\u00e9es \u00e0 partir d\u2019un centre d\u2019appel, et pour les intervieweuses\/intervieweurs sur le terrain, qui font du porte\u2011\u00e0\u2011porte.<\/p>\n<p>Parmi les demandes, il y a la question de l\u2019anciennet\u00e9. En effet, nos membres veulent que l\u2019employeur reconnaisse l\u2019anciennet\u00e9 lorsqu\u2019il attribue les heures de travail. \u00c0 l\u2019heure actuelle, l\u2019employeur n\u2019est pas oblig\u00e9 d\u2019offrir un minimum d\u2019heures \u00e0 ses employ\u00e9es\/employ\u00e9s.<\/p>\n<p>En r\u00e9ponse \u00e0 l\u2019intervention de M.\u00a0Gravelle, le d\u00e9put\u00e9 conservateur Andrew Saxton a d\u00e9clar\u00e9\u00a0: \u00ab\u00a0Monsieur\u00a0le pr\u00e9sident, notre gouvernement n\u00e9gocie de bonne foi.\u00a0\u00bb<\/p>\n<p>Pour obtenir plus de renseignements, veuillez consulter la <a href=\"http:\/\/www.psac-afpc.com\/bargaining\/units\/agencies_other_fed\/sso\/index-f.cfm?l=1\">section sur les n\u00e9gociations des OES<\/a> sur le site Web de l\u2019AFPC.<\/p>\n","protected":false},"excerpt":{"rendered":"<p>Le 10\u00a0mai, le d\u00e9put\u00e9 Claude Gravelle (NPD &#8211; Nickel Belt) s\u2019est lev\u00e9 durant la p\u00e9riode des questions et a appris aux d\u00e9put\u00e9s de la Chambre des communes quelque chose qui n\u2019a absolument pas \u00e9chapp\u00e9 \u00e0 membres\u00a0: le gouvernement malm\u00e8ne les employ\u00e9es\/employ\u00e9s des Op\u00e9rations des enqu\u00eates statistiques. \u00abLe gouvernement m\u00e8ne la vie dure \u00e0 la science &hellip; <\/p>\n<p class=\"link-more\"><a href=\"https:\/\/www.unesen.ca\/press\/?p=2366&#038;lang=fr\" class=\"more-link\">>><span class=\"screen-reader-text\"> &#8220;Les OES sur la Colline&#8221;<\/span><\/a><\/p>\n","protected":false},"author":3,"featured_media":0,"comment_status":"open","ping_status":"closed","sticky":false,"template":"","format":"standard","meta":{"_links_to":"","_links_to_target":""},"categories":[],"tags":[],"_links":{"self":[{"href":"https:\/\/www.unesen.ca\/press\/index.php?rest_route=\/wp\/v2\/posts\/2366"}],"collection":[{"href":"https:\/\/www.unesen.ca\/press\/index.php?rest_route=\/wp\/v2\/posts"}],"about":[{"href":"https:\/\/www.unesen.ca\/press\/index.php?rest_route=\/wp\/v2\/types\/post"}],"author":[{"embeddable":true,"href":"https:\/\/www.unesen.ca\/press\/index.php?rest_route=\/wp\/v2\/users\/3"}],"replies":[{"embeddable":true,"href":"https:\/\/www.unesen.ca\/press\/index.php?rest_route=%2Fwp%2Fv2%2Fcomments&post=2366"}],"version-history":[{"count":1,"href":"https:\/\/www.unesen.ca\/press\/index.php?rest_route=\/wp\/v2\/posts\/2366\/revisions"}],"predecessor-version":[{"id":3453,"href":"https:\/\/www.unesen.ca\/press\/index.php?rest_route=\/wp\/v2\/posts\/2366\/revisions\/3453"}],"wp:attachment":[{"href":"https:\/\/www.unesen.ca\/press\/index.php?rest_route=%2Fwp%2Fv2%2Fmedia&parent=2366"}],"wp:term":[{"taxonomy":"category","embeddable":true,"href":"https:\/\/www.unesen.ca\/press\/index.php?rest_route=%2Fwp%2Fv2%2Fcategories&post=2366"},{"taxonomy":"post_tag","embeddable":true,"href":"https:\/\/www.unesen.ca\/press\/index.php?rest_route=%2Fwp%2Fv2%2Ftags&post=2366"}],"curies":[{"name":"wp","href":"https:\/\/api.w.org\/{rel}","templated":true}]}}