{"id":2357,"date":"2013-05-17T16:30:02","date_gmt":"2013-05-17T20:30:02","guid":{"rendered":"http:\/\/www.une-sen.org\/press\/?p=2357"},"modified":"2014-02-25T16:49:12","modified_gmt":"2014-02-25T16:49:12","slug":"journee-internationale-des-musees","status":"publish","type":"post","link":"https:\/\/www.unesen.ca\/press\/?p=2357&amp;lang=fr","title":{"rendered":"Journ\u00e9e internationale des mus\u00e9es"},"content":{"rendered":"<p><img loading=\"lazy\" class=\"alignnone size-full wp-image-2358\" title=\"WORLDMUSEUMDAY_F\" alt=\"\" src=\"http:\/\/www.une-sen.org\/press\/wp-content\/uploads\/2013\/05\/WORLDMUSEUMDAY_F.png\" width=\"600\" height=\"400\" srcset=\"https:\/\/www.unesen.ca\/press\/wp-content\/uploads\/2013\/05\/WORLDMUSEUMDAY_F.png 600w, https:\/\/www.unesen.ca\/press\/wp-content\/uploads\/2013\/05\/WORLDMUSEUMDAY_F-300x200.png 300w\" sizes=\"(max-width: 600px) 100vw, 600px\" \/><\/p>\n<p>Le 18\u00a0mai, c\u2019est la Journ\u00e9e internationale des mus\u00e9es. Profitons de l\u2019occasion pour pr\u00e9senter quelques-uns des formidables mus\u00e9es o\u00f9 travaillent nos membres!<\/p>\n<p>Le Mus\u00e9e canadien des droits de la personne \u00e0 Winnipeg est la toute derni\u00e8re section locale qui s\u2019est jointe au Syndicat des employ\u00e9es et employ\u00e9s nationaux. Nos membres l\u00e0-bas travaillent d\u00e9j\u00e0 d\u2019arrache\u2011pied pour faire des recherches et pr\u00e9parer des expositions. L\u2019ouverture du mus\u00e9e est pr\u00e9vue en 2014. Si vous voulez un avant-go\u00fbt du mus\u00e9e, vous pouvez le voir en direct gr\u00e2ce aux <a href=\"http:\/\/museepourlesdroitsdelapersonne.ca\/la-construction-du-musee\/le-musee-en-progres\/cameras-web-du-chantier\">cam\u00e9ras Web du chantier<\/a>\u2026 c\u2019est impressionnant!<\/p>\n<p>Le Mus\u00e9e canadien des civilisations m\u00e9rite absolument d\u2019\u00eatre visit\u00e9 \u2014 surtout si vous avez des enfants. Le mus\u00e9e est situ\u00e9 \u00e0 Gatineau, en face d\u2019Ottawa, de l&#8217;autre c\u00f4t\u00e9 de la rivi\u00e8re (vous pouvez facilement vous y rendre \u00e0 pied en partant du March\u00e9 By et en traversant le pont Alexandra). La <a href=\"http:\/\/www.civilization.ca\/cmc\/exhibitions\/aborig\/grand\/grandfra.shtml\">Grande Galerie<\/a> est une des parties les plus impressionnantes du mus\u00e9e. On peut y voir des m\u00e2ts tot\u00e9miques et des fa\u00e7ades de maisons des Premi\u00e8res Nations de la c\u00f4te du Pacifique.<\/p>\n<p>Si vous avez un penchant pour les arts, rendez-vous au Mus\u00e9e des beaux-arts du Canada. Que vous aimiez l\u2019art m\u00e9di\u00e9val ou l\u2019art contemporain, vous allez assur\u00e9ment y passer d\u2019agr\u00e9ables moments. \u00c9videmment, vous allez trouver des tableaux du Groupe des sept, mais si vous recherchez quelque chose de vraiment patriotique, allez voir la toile de Benjamin West, <a href=\"http:\/\/www.gallery.ca\/fr\/see\/collections\/artwork.php?mkey=5363\"><em>La mort du g\u00e9n\u00e9ral Wolfe<\/em><\/a>. Pour une \u0153uvre plus contemporaine, allez voir la pi\u00e8ce <a href=\"http:\/\/www.gallery.ca\/fr\/voir\/collections\/artwork.php?mkey=101010\">T\u00eate d&#8217;un b\u00e9b\u00e9<\/a> de Ron Mueck. Enfin, vous pouvez participer \u00e0 des s\u00e9ances de photos g\u00e9niales \u00e0 l\u2019ext\u00e9rieur du mus\u00e9e, entre les huit longues pattes de la charmante <a href=\"http:\/\/www.gallery.ca\/fr\/voir\/collections\/artwork.php?mkey=101000\">Maman<\/a>!<\/p>\n<p>Pr\u00e8s du centre-ville d\u2019Ottawa, il y a aussi le Mus\u00e9e canadien de la guerre. Cet \u00e9t\u00e9, il y aura une exposition intitul\u00e9e <a href=\"http:\/\/www.museedelaguerre.ca\/event\/paix-lexposition\/\">Paix<\/a>. L\u2019exposition analyse les \u00e9v\u00e9nements et les enjeux qui ont pouss\u00e9 les Canadiens \u00e0 s\u2019engager au service de la paix. Parmi les expositions permanentes, les visiteurs pourront voir la collection impressionnante de <a href=\"http:\/\/www.museedelaguerre.ca\/event\/la-galerie-lebreton-la-collection-de-materiel-militaire\/\">mat\u00e9riel militaire<\/a>. Il y a \u00e9galement un salon qui pr\u00e9sente de <a href=\"http:\/\/www.museedelaguerre.ca\/event\/le-salon-dhonneur-de-la-legion-royale-canadienne\/\">nombreux moyens utilis\u00e9s par les Canadiens pour rendre hommage aux soldats tomb\u00e9s au combat<\/a>. Enfin, prenez un moment pour vous reposer et pour r\u00e9fl\u00e9chir dans la Salle du Souvenir.<\/p>\n<p>Le Mus\u00e9e canadien de la nature est lui aussi un endroit extraordinaire \u00e0 visiter, surtout avec les enfants. D\u2019autant plus que le mus\u00e9e n\u2019est qu&#8217;\u00e0 une courte distance \u00e0 pied du bureau principal du SEN, dans le centre-ville d\u2019Ottawa. Cet \u00e9difice impressionnant ressemble \u00e0 un ch\u00e2teau \u2014 et en\u00a01916, il est devenu le quartier g\u00e9n\u00e9ral d\u2019urgence du gouvernement canadien apr\u00e8s l\u2019incendie qui avait ravag\u00e9 les \u00e9difices du Parlement. La <a href=\"http:\/\/nature.ca\/fr\/planifiez-votre-visite\/voir-faire-musee\/expositions\/galerie-fossiles-talisman-energy\">collection impressionnante de dinosaures<\/a> et l\u2019<a href=\"http:\/\/nature.ca\/fr\/planifiez-votre-visite\/voir-faire-musee\/expositions\/animalium\">Animalium<\/a> (qui n\u2019est pas recommand\u00e9 aux personnes qui ont peur des tarentules et des autres bestioles effrayantes!) plairont \u00e0 coup s\u00fbr aux enfants.<\/p>\n<p>\u00c0 l\u2019ext\u00e9rieur du centre-ville, il y a un autre mus\u00e9e vraiment g\u00e9nial qui vaut la peine d\u2019\u00eatre visit\u00e9 avec les enfants\u00a0: le Mus\u00e9e canadien des sciences et des technologies. Ceux qui ont d\u00e9j\u00e0 visit\u00e9 le mus\u00e9e avec leur \u00e9cole dans leur jeunesse se rappelleront sans aucun doute de la <a href=\"http:\/\/www.sciencetech.technomuses.ca\/francais\/whatson\/zone-science-cuisine-bizarre.cfm\">Cuisine bizarre<\/a> : une \u00e9trange cuisine qui joue des tours \u00e0 votre \u00e9quilibre! Tenez bien la rampe! Et oui, c\u2019est bien vrai, il y a r\u00e9ellement des <a href=\"http:\/\/www.sciencetech.technomuses.ca\/francais\/whatson\/explongue-salle-des-locomotives.cfm\">locomotives \u00e0 vapeur<\/a> \u00e0 l\u2019int\u00e9rieur du mus\u00e9e!<\/p>\n<p>Si vous cherchez quelque chose de plus \u00ab\u00a0chaleureux\u00a0\u00bb, rendez-vous au Mus\u00e9e de l\u2019agriculture du Canada. Vous y verrez des cochons, des chevaux, des vaches\u2026 et m\u00eame des <a href=\"http:\/\/www.agriculture.technomuses.ca\/francais\/tour\/animal_monthfr.cfm\">alpagas<\/a>! On y pr\u00e9sente tous les jours des d\u00e9monstrations qui valent vraiment la peine, comme apprendre \u00e0 cuisiner avec les c\u00e9r\u00e9ales, traire une vache et faire le toilettage d\u2019un veau.<\/p>\n<p>Enfin, n\u2019oubliez pas le Mus\u00e9e de l\u2019aviation et de l\u2019espace du Canada. Si vous aimez la science\u2011fiction, vous serez heureux d\u2019apprendre que, cet \u00e9t\u00e9, le mus\u00e9e pr\u00e9sentera une <a href=\"http:\/\/www.aviation.technomuses.ca\/visitez_nous\/expositions\/star_wars_identites\/planning.php\">exposition sur Star Wars<\/a>! Cependant, ce qu&#8217;il y a de plus impressionnant dans ce mus\u00e9e, c\u2019est sa collection d\u2019avions \u2014\u00a0<a href=\"http:\/\/www.aviation.technomuses.ca\/medias\/communiques_de_presse\/02mai13\/\">et tout r\u00e9cemment<\/a>, le mus\u00e9e a ajout\u00e9 le fameux bras canadien \u00e0 sa collection.<\/p>\n<p>La prochaine fois que vous serez de passage \u00e0 Winnipeg ou dans la r\u00e9gion de la capitale nationale, n\u2019oubliez pas de visiter quelques-uns des fantastiques mus\u00e9es nationaux o\u00f9 travaillent nos membres!<\/p>\n","protected":false},"excerpt":{"rendered":"<p>Le 18\u00a0mai, c\u2019est la Journ\u00e9e internationale des mus\u00e9es. Profitons de l\u2019occasion pour pr\u00e9senter quelques-uns des formidables mus\u00e9es o\u00f9 travaillent nos membres! Le Mus\u00e9e canadien des droits de la personne \u00e0 Winnipeg est la toute derni\u00e8re section locale qui s\u2019est jointe au Syndicat des employ\u00e9es et employ\u00e9s nationaux. Nos membres l\u00e0-bas travaillent d\u00e9j\u00e0 d\u2019arrache\u2011pied pour faire &hellip; <\/p>\n<p class=\"link-more\"><a href=\"https:\/\/www.unesen.ca\/press\/?p=2357&#038;lang=fr\" class=\"more-link\">>><span class=\"screen-reader-text\"> &#8220;Journ\u00e9e internationale des mus\u00e9es&#8221;<\/span><\/a><\/p>\n","protected":false},"author":3,"featured_media":0,"comment_status":"open","ping_status":"closed","sticky":false,"template":"","format":"standard","meta":{"_links_to":"","_links_to_target":""},"categories":[],"tags":[],"_links":{"self":[{"href":"https:\/\/www.unesen.ca\/press\/index.php?rest_route=\/wp\/v2\/posts\/2357"}],"collection":[{"href":"https:\/\/www.unesen.ca\/press\/index.php?rest_route=\/wp\/v2\/posts"}],"about":[{"href":"https:\/\/www.unesen.ca\/press\/index.php?rest_route=\/wp\/v2\/types\/post"}],"author":[{"embeddable":true,"href":"https:\/\/www.unesen.ca\/press\/index.php?rest_route=\/wp\/v2\/users\/3"}],"replies":[{"embeddable":true,"href":"https:\/\/www.unesen.ca\/press\/index.php?rest_route=%2Fwp%2Fv2%2Fcomments&post=2357"}],"version-history":[{"count":1,"href":"https:\/\/www.unesen.ca\/press\/index.php?rest_route=\/wp\/v2\/posts\/2357\/revisions"}],"predecessor-version":[{"id":3454,"href":"https:\/\/www.unesen.ca\/press\/index.php?rest_route=\/wp\/v2\/posts\/2357\/revisions\/3454"}],"wp:attachment":[{"href":"https:\/\/www.unesen.ca\/press\/index.php?rest_route=%2Fwp%2Fv2%2Fmedia&parent=2357"}],"wp:term":[{"taxonomy":"category","embeddable":true,"href":"https:\/\/www.unesen.ca\/press\/index.php?rest_route=%2Fwp%2Fv2%2Fcategories&post=2357"},{"taxonomy":"post_tag","embeddable":true,"href":"https:\/\/www.unesen.ca\/press\/index.php?rest_route=%2Fwp%2Fv2%2Ftags&post=2357"}],"curies":[{"name":"wp","href":"https:\/\/api.w.org\/{rel}","templated":true}]}}