{"id":2313,"date":"2013-05-14T16:37:28","date_gmt":"2013-05-14T20:37:28","guid":{"rendered":"http:\/\/www.une-sen.org\/press\/?p=2313"},"modified":"2014-02-25T16:50:08","modified_gmt":"2014-02-25T16:50:08","slug":"nos-anciens-combattans-meritent-mieux-que-ca","status":"publish","type":"post","link":"https:\/\/www.unesen.ca\/press\/?p=2313&amp;lang=fr","title":{"rendered":"Nos anciens combattans m\u00e9ritent mieux que \u00e7a"},"content":{"rendered":"<p><img loading=\"lazy\" class=\"alignnone size-full wp-image-2319\" title=\"vets_f\" alt=\"\" src=\"http:\/\/www.une-sen.org\/press\/wp-content\/uploads\/2013\/05\/vets_f2.png\" width=\"600\" height=\"400\" srcset=\"https:\/\/www.unesen.ca\/press\/wp-content\/uploads\/2013\/05\/vets_f2.png 600w, https:\/\/www.unesen.ca\/press\/wp-content\/uploads\/2013\/05\/vets_f2-300x200.png 300w\" sizes=\"(max-width: 600px) 100vw, 600px\" \/><\/p>\n<p>Hier, le vice-pr\u00e9sident ex\u00e9cutif national, Eddie Kennedy, s\u2019est joint \u00e0 plus de 150\u00a0manifestants \u00e0 Sydney, en Nouvelle-\u00c9cosse, devant le bureau de district d\u2019Anciens Combattants que le gouvernement veut fermer.<\/p>\n<p>Il y a des bureaux de district un peu partout au pays pour aider les anciens combattants et r\u00e9pondre \u00e0 leurs questions au sujet de leurs prestations. Le bureau de Sydney est l\u2019un des trois bureaux de district qui fermeront leurs portes dans la r\u00e9gion de l\u2019Atlantique.<\/p>\n<p>Les anciens combattants de Sydney devront dor\u00e9navant s\u2019adresser \u00e0 l\u2019un des cinq bureaux de Service Canada sur l\u2019\u00eele. Cependant, le niveau de service sera compl\u00e8tement diff\u00e9rent.<\/p>\n<p>\u00ab\u00a0Il devront utiliser un ordinateur ou composer un num\u00e9ro sans frais. Ils ne recevront pas le soutien direct auquel les avaient habitu\u00e9s le bureau d\u2019Anciens Combattants\u00a0\u00bb, d\u00e9clare Eddie Kennedy, qui vit au Cap-Breton.<\/p>\n<p>S\u2019ils ont besoin de plus de soutien, un soutien que seul un bureau de district peut offrir, les v\u00e9t\u00e9rans devront aller \u00e0 Halifax.<\/p>\n<p>\u00ab\u00a0Et on parle d\u2019un trajet de cinq heures pour l\u2019aller seulement\u00a0\u00bb, ajoute Eddie Kennedy.<\/p>\n<p>Le minist\u00e8re des Anciens Combattants subit des compressions depuis 2011; son budget a \u00e9t\u00e9 r\u00e9duit de 226\u00a0M$. Par ailleurs, le minist\u00e8re pr\u00e9voit avoir 500\u00a0employ\u00e9s de moins d\u2019ici cinq ans. Plus de 1\u00a0000\u00a0avis ont d\u00e9j\u00e0 \u00e9t\u00e9 distribu\u00e9s \u00e0 des employ\u00e9s touch\u00e9s d\u2019ACC.<\/p>\n<p>Il y a 145\u00a0anciens combattants sur l\u2019\u00eele du Cap-Breton.<\/p>\n<p>Les autres bureaux de district qui fermeront leurs portes sont ceux de Charlottetown (\u00cele\u2011du\u2011Prince\u2011\u00c9douard), de Corner Brook (Terre\u2011Neuve), de Windsor (Ontario), de Thunder Bay (Ontario), de Kelowna (Colombie\u2011Britannique), de Saskatoon (Saskatchewan), et de Brandon (Manitoba).<\/p>\n","protected":false},"excerpt":{"rendered":"<p>Hier, le vice-pr\u00e9sident ex\u00e9cutif national, Eddie Kennedy, s\u2019est joint \u00e0 plus de 150\u00a0manifestants \u00e0 Sydney, en Nouvelle-\u00c9cosse, devant le bureau de district d\u2019Anciens Combattants que le gouvernement veut fermer. Il y a des bureaux de district un peu partout au pays pour aider les anciens combattants et r\u00e9pondre \u00e0 leurs questions au sujet de leurs &hellip; <\/p>\n<p class=\"link-more\"><a href=\"https:\/\/www.unesen.ca\/press\/?p=2313&#038;lang=fr\" class=\"more-link\">>><span class=\"screen-reader-text\"> &#8220;Nos anciens combattans m\u00e9ritent mieux que \u00e7a&#8221;<\/span><\/a><\/p>\n","protected":false},"author":3,"featured_media":0,"comment_status":"open","ping_status":"closed","sticky":false,"template":"","format":"standard","meta":{"_links_to":"","_links_to_target":""},"categories":[],"tags":[],"_links":{"self":[{"href":"https:\/\/www.unesen.ca\/press\/index.php?rest_route=\/wp\/v2\/posts\/2313"}],"collection":[{"href":"https:\/\/www.unesen.ca\/press\/index.php?rest_route=\/wp\/v2\/posts"}],"about":[{"href":"https:\/\/www.unesen.ca\/press\/index.php?rest_route=\/wp\/v2\/types\/post"}],"author":[{"embeddable":true,"href":"https:\/\/www.unesen.ca\/press\/index.php?rest_route=\/wp\/v2\/users\/3"}],"replies":[{"embeddable":true,"href":"https:\/\/www.unesen.ca\/press\/index.php?rest_route=%2Fwp%2Fv2%2Fcomments&post=2313"}],"version-history":[{"count":1,"href":"https:\/\/www.unesen.ca\/press\/index.php?rest_route=\/wp\/v2\/posts\/2313\/revisions"}],"predecessor-version":[{"id":3456,"href":"https:\/\/www.unesen.ca\/press\/index.php?rest_route=\/wp\/v2\/posts\/2313\/revisions\/3456"}],"wp:attachment":[{"href":"https:\/\/www.unesen.ca\/press\/index.php?rest_route=%2Fwp%2Fv2%2Fmedia&parent=2313"}],"wp:term":[{"taxonomy":"category","embeddable":true,"href":"https:\/\/www.unesen.ca\/press\/index.php?rest_route=%2Fwp%2Fv2%2Fcategories&post=2313"},{"taxonomy":"post_tag","embeddable":true,"href":"https:\/\/www.unesen.ca\/press\/index.php?rest_route=%2Fwp%2Fv2%2Ftags&post=2313"}],"curies":[{"name":"wp","href":"https:\/\/api.w.org\/{rel}","templated":true}]}}