{"id":2301,"date":"2013-05-13T17:42:21","date_gmt":"2013-05-13T21:42:21","guid":{"rendered":"http:\/\/www.une-sen.org\/press\/?p=2301"},"modified":"2014-02-25T16:50:37","modified_gmt":"2014-02-25T16:50:37","slug":"que-se-passe-t-il-a-passeport","status":"publish","type":"post","link":"https:\/\/www.unesen.ca\/press\/?p=2301&amp;lang=fr","title":{"rendered":"Que se passe-t-il \u00e0 Passeport?"},"content":{"rendered":"<p><img loading=\"lazy\" class=\"alignnone size-full wp-image-2303\" title=\"pcan_update_f\" alt=\"\" src=\"http:\/\/www.une-sen.org\/press\/wp-content\/uploads\/2013\/05\/pcan_update_f.png\" width=\"600\" height=\"400\" srcset=\"https:\/\/www.unesen.ca\/press\/wp-content\/uploads\/2013\/05\/pcan_update_f.png 600w, https:\/\/www.unesen.ca\/press\/wp-content\/uploads\/2013\/05\/pcan_update_f-300x200.png 300w\" sizes=\"(max-width: 600px) 100vw, 600px\" \/><\/p>\n<p>La semaine derni\u00e8re, le gouvernement a annonc\u00e9 que Passeport\u00a0Canada serait dissout et que Citoyennet\u00e9 et Immigration Canada et Service\u00a0Canada se partageraient ses activit\u00e9s. L\u2019annonce \u00e9tait impr\u00e9vue et la d\u00e9cision, jug\u00e9e plut\u00f4t \u00e9trange, en frappe plus d\u2019un.<\/p>\n<p>\u00ab\u00a0Non seulement n\u2019ont-ils pas avis\u00e9 le syndicat, mais ils ont compl\u00e8tement bousill\u00e9 leur annonce\u00a0\u00bb, a d\u00e9clar\u00e9 Doug\u00a0Marshall, pr\u00e9sident national.<\/p>\n<p>Le Minist\u00e8re a choisi d\u2019informer son personnel du changement au moyen d\u2019un courriel diffus\u00e9 massivement \u00e0 16\u00a0h\u00a023\u00a0HNE, heure \u00e0 laquelle la majorit\u00e9 des fonctionnaires \u00e0 partir de l\u2019est de l\u2019Ontario s\u2019en retournent chez eux ou y sont d\u00e9j\u00e0.<\/p>\n<p>Certains fonctionnaires ont dit n\u2019avoir \u00e9t\u00e9 inform\u00e9s du courriel que le soir m\u00eame par des amis habitant sur la c\u00f4te\u00a0Ouest. Le courriel se termine par \u00ab\u00a0Pour obtenir de plus amples renseignements sur la transition, veuillez consulter votre site intranet plus tard aujourd&#8217;hui et parler \u00e0 votre gestionnaire \u00bb.<\/p>\n<p>Plus tard dans la soir\u00e9e, une foire aux questions a \u00e9t\u00e9 publi\u00e9e sur le site intranet de Passeport\u00a0Canada. Cependant, comme les fonctionnaires ne peuvent acc\u00e9der \u00e0 l\u2019intranet \u00e0 partir de leur domicile, beaucoup n\u2019ont pas obtenu r\u00e9ponse \u00e0 leurs questions avant le lendemain matin.<\/p>\n<p>\u00ab\u00a0\u00c9videmment, beaucoup de membres \u00e9taient inquiets et n\u2019avaient aucun moyen d\u2019obtenir des r\u00e9ponses \u00e0 leurs questions. La mani\u00e8re dont ils ont g\u00e9r\u00e9 la situation d\u00e9montre \u00e0 quel point les fonctionnaires \u00e9taient la derni\u00e8re de leurs pr\u00e9occupations\u00a0\u00bb, a ajout\u00e9 M.\u00a0Marshall.<\/p>\n<p><strong>Pire encore\u2026<\/strong><\/p>\n<p>L\u2019une des questions pos\u00e9es par Passeport\u00a0Canada \u00e9tait \u00ab\u00a0Les syndicats ont-ils \u00e9t\u00e9 inform\u00e9s?\u00a0\u00bb.<\/p>\n<p>\u00ab\u00a0Oui\u00a0\u00bb, a r\u00e9pondu Passeport\u00a0Canada. Euh\u2026 pas vraiment! Le Syndicat des employ\u00e9es et employ\u00e9s nationaux a \u00e9t\u00e9 inform\u00e9 des plans de Passeport\u00a0Canada apr\u00e8s les employ\u00e9s du Minist\u00e8re. C\u2019est gr\u00e2ce aux membres pr\u00e9occup\u00e9s qui nous ont transmis l\u2019annonce qu\u2019on a pris connaissance du changement.<\/p>\n<p>Passeport\u00a0Canada a depuis accept\u00e9 d\u2019apporter des corrections \u00e0 sa foire aux questions.<\/p>\n<p><strong>Nous en savons encore tr\u00e8s peu<\/strong><\/p>\n<p>D\u00e8s qu\u2019il a appris la nouvelle, M.\u00a0Marshall a communiqu\u00e9 avec la pr\u00e9sidente-directrice g\u00e9n\u00e9rale de Passeport\u00a0Canada. Une r\u00e9union a eu lieu le lendemain; les repr\u00e9sentants de Passeport\u00a0Canada et de Citoyennet\u00e9 et Immigration Canada y ont \u00e9t\u00e9 convoqu\u00e9s.<\/p>\n<p>\u00ab\u00a0\u00c0 cette r\u00e9union, nous avons appris tr\u00e8s peu de choses que le public ne savait pas d\u00e9j\u00e0\u00a0\u00bb, a affirm\u00e9 M.\u00a0Marshall.<\/p>\n<p>En fait, la seule information nouvelle que nous avons re\u00e7ue est que rien n\u2019avait \u00e9t\u00e9 planifi\u00e9; l\u2019employeur commencera \u00e0 \u00e9laborer des plans cette semaine.<\/p>\n<p>Le transfert touche tout l\u2019effectif de Passeport\u00a0Canada; 850\u00a0fonctionnaires seront mut\u00e9s \u00e0 Citoyennet\u00e9 et Immigration Canada, et 1\u00a0900\u00a0\u00e0 Service\u00a0Canada. Le changement entrera en vigueur le 2\u00a0juillet.<\/p>\n<p>Service\u00a0Canada n\u2019a pas encore r\u00e9pondu \u00e0 notre demande de r\u00e9union.<\/p>\n<p><strong>Pourquoi r\u00e9parer ce qui n\u2019est pas bris\u00e9?<\/strong><\/p>\n<p>Au cours des dix derni\u00e8res ann\u00e9es, Passeport\u00a0Canada a plus que doubl\u00e9 le nombre de passeports d\u00e9livr\u00e9s chaque ann\u00e9e, de sorte qu\u2019aujourd&#8217;hui, 67\u00a0pour cent des Canadiens d\u00e9tiennent un passeport valide.<\/p>\n<p><a href=\"http:\/\/www.parl.gc.ca\/content\/sen\/committee\/411\/AEFA\/11EVA-49485-E.HTM\">Selon la pr\u00e9sidente-directrice g\u00e9n\u00e9rale de Passeport\u00a0Canada<\/a>, l\u2019an dernier, le Minist\u00e8re a d\u00e9livr\u00e9 plus de 4,8\u00a0millions de passeports aux Canadiens et 99\u00a0pour cent de ses clients ont re\u00e7u leur passeport \u00e0 temps ou avant la date indiqu\u00e9e.<\/p>\n<p>Selon le <a href=\"http:\/\/www.ppt.gc.ca\/publications\/satisfaction_national_08.aspx?lang=eng\">Sondage national sur la satisfaction de la client\u00e8le men\u00e9 par Passeport\u00a0Canada en\u00a02008<\/a>, \u00ab\u00a0on enregistre une importante hausse de la satisfaction \u00e0 l\u2019\u00e9gard de la facilit\u00e9 de la pr\u00e9sentation de la demande de passeport (41\u00a0%\u00a0des clients se disant tr\u00e8s satisfaits, une hausse de 15\u00a0points), ainsi que du temps et des efforts requis pour faire une demande de passeport (34\u00a0%\u00a0se disant tr\u00e8s satisfaits, une hausse de 17\u00a0points)\u00bb.<\/p>\n<p>\u00ab\u00a0Je ne comprends tout simplement pas pourquoi ce gouvernement veut abolir un organisme qui, manifestement, satisfait beaucoup les Canadiens\u00a0\u00bb, a conclu M. Marshall.<\/p>\n","protected":false},"excerpt":{"rendered":"<p>La semaine derni\u00e8re, le gouvernement a annonc\u00e9 que Passeport\u00a0Canada serait dissout et que Citoyennet\u00e9 et Immigration Canada et Service\u00a0Canada se partageraient ses activit\u00e9s. L\u2019annonce \u00e9tait impr\u00e9vue et la d\u00e9cision, jug\u00e9e plut\u00f4t \u00e9trange, en frappe plus d\u2019un. \u00ab\u00a0Non seulement n\u2019ont-ils pas avis\u00e9 le syndicat, mais ils ont compl\u00e8tement bousill\u00e9 leur annonce\u00a0\u00bb, a d\u00e9clar\u00e9 Doug\u00a0Marshall, pr\u00e9sident national. &hellip; <\/p>\n<p class=\"link-more\"><a href=\"https:\/\/www.unesen.ca\/press\/?p=2301&#038;lang=fr\" class=\"more-link\">>><span class=\"screen-reader-text\"> &#8220;Que se passe-t-il \u00e0 Passeport?&#8221;<\/span><\/a><\/p>\n","protected":false},"author":3,"featured_media":0,"comment_status":"open","ping_status":"closed","sticky":false,"template":"","format":"standard","meta":{"_links_to":"","_links_to_target":""},"categories":[],"tags":[],"_links":{"self":[{"href":"https:\/\/www.unesen.ca\/press\/index.php?rest_route=\/wp\/v2\/posts\/2301"}],"collection":[{"href":"https:\/\/www.unesen.ca\/press\/index.php?rest_route=\/wp\/v2\/posts"}],"about":[{"href":"https:\/\/www.unesen.ca\/press\/index.php?rest_route=\/wp\/v2\/types\/post"}],"author":[{"embeddable":true,"href":"https:\/\/www.unesen.ca\/press\/index.php?rest_route=\/wp\/v2\/users\/3"}],"replies":[{"embeddable":true,"href":"https:\/\/www.unesen.ca\/press\/index.php?rest_route=%2Fwp%2Fv2%2Fcomments&post=2301"}],"version-history":[{"count":1,"href":"https:\/\/www.unesen.ca\/press\/index.php?rest_route=\/wp\/v2\/posts\/2301\/revisions"}],"predecessor-version":[{"id":3457,"href":"https:\/\/www.unesen.ca\/press\/index.php?rest_route=\/wp\/v2\/posts\/2301\/revisions\/3457"}],"wp:attachment":[{"href":"https:\/\/www.unesen.ca\/press\/index.php?rest_route=%2Fwp%2Fv2%2Fmedia&parent=2301"}],"wp:term":[{"taxonomy":"category","embeddable":true,"href":"https:\/\/www.unesen.ca\/press\/index.php?rest_route=%2Fwp%2Fv2%2Fcategories&post=2301"},{"taxonomy":"post_tag","embeddable":true,"href":"https:\/\/www.unesen.ca\/press\/index.php?rest_route=%2Fwp%2Fv2%2Ftags&post=2301"}],"curies":[{"name":"wp","href":"https:\/\/api.w.org\/{rel}","templated":true}]}}